{"id":7724,"date":"2022-09-06T07:46:00","date_gmt":"2022-09-06T07:46:00","guid":{"rendered":"https:\/\/www.sp11bedzin.edu.pl\/?p=7724"},"modified":"2022-09-09T14:12:09","modified_gmt":"2022-09-09T14:12:09","slug":"spotkanie-z-rzecznikiem-praw-u","status":"publish","type":"post","link":"https:\/\/www.sp11bedzin.edu.pl\/index.php\/2022\/09\/06\/spotkanie-z-rzecznikiem-praw-u\/","title":{"rendered":"Spotkanie z Rzecznikiem Praw Ucznia"},"content":{"rendered":"\t\t<div data-elementor-type=\"wp-post\" data-elementor-id=\"7724\" class=\"elementor elementor-7724\">\n\t\t\t\t\t\t<section class=\"elementor-section elementor-top-section elementor-element elementor-element-1bb8c17 elementor-section-boxed elementor-section-height-default elementor-section-height-default\" data-id=\"1bb8c17\" data-element_type=\"section\" data-e-type=\"section\">\n\t\t\t\t\t\t<div class=\"elementor-container elementor-column-gap-default\">\n\t\t\t\t\t<div class=\"elementor-column elementor-col-100 elementor-top-column elementor-element elementor-element-565770f\" data-id=\"565770f\" data-element_type=\"column\" data-e-type=\"column\">\n\t\t\t<div class=\"elementor-widget-wrap elementor-element-populated\">\n\t\t\t\t\t\t<div class=\"elementor-element elementor-element-f90ac1a elementor-widget elementor-widget-text-editor\" data-id=\"f90ac1a\" data-element_type=\"widget\" data-e-type=\"widget\" data-widget_type=\"text-editor.default\">\n\t\t\t\t<div class=\"elementor-widget-container\">\n\t\t\t\t\t\t\t\t\t<p align=\"CENTER\"><span style=\"font-family: Verdana, sans-serif; color: #000000;\"><span style=\"font-size: medium;\"><b>SPOTKANIE Z RZECZNIKIEM PRAW UCZNIA<\/b><\/span><\/span><\/p><p align=\"JUSTIFY\"><span style=\"color: #000000;\"><span style=\"font-family: Verdana, sans-serif;\"><span style=\"font-size: medium;\">W dniu 07.09.2022r. odby\u0142o si\u0119 spotkanie uczni\u00f3w klas 4-8 z <\/span><\/span><span style=\"font-family: Verdana, sans-serif;\"><span style=\"font-size: medium;\"><u>Rzecznikiem Praw Ucznia.<\/u><\/span><\/span><\/span><\/p><p align=\"CENTER\"><span style=\"color: #000000;\"><b><span style=\"font-family: Verdana, sans-serif;\"><span style=\"font-size: medium;\"><u>W naszej szkole jest nim <\/u><\/span><\/span><\/b><u><b> <\/b><\/u><b><span style=\"font-family: Verdana, sans-serif;\"><span style=\"font-size: medium;\"><u>dr Anita Palim\u0105ka.<\/u><\/span><\/span><\/b><\/span><\/p><p align=\"JUSTIFY\"><span style=\"color: #000000;\"><span style=\"font-family: Verdana, sans-serif;\"><span style=\"font-size: medium;\">To nauczyciel obdarzony zaufaniem i\u00a0wybrany przez spo\u0142eczno\u015b\u0107 uczniowsk\u0105. <\/span><\/span><\/span><\/p><p align=\"JUSTIFY\"><span style=\"color: #000000;\"><span style=\"font-family: Verdana, sans-serif;\"><span style=\"font-size: medium;\">Podczas spotkania uczniowie mogli bli\u017cej przyjrze\u0107 si\u0119 pracy rzecznika oraz zada\u0107 pytania dotycz\u0105ce praw ucznia.<\/span><\/span><\/span><\/p>\t\t\t\t\t\t\t\t<\/div>\n\t\t\t\t<\/div>\n\t\t\t\t<div class=\"elementor-element elementor-element-4177702 elementor-widget elementor-widget-image-gallery\" data-id=\"4177702\" data-element_type=\"widget\" data-e-type=\"widget\" data-widget_type=\"image-gallery.default\">\n\t\t\t\t<div class=\"elementor-widget-container\">\n\t\t\t\t\t\t\t<div class=\"elementor-image-gallery\">\n\t\t\t\n\t\t<style type=\"text\/css\">\n\t\t\t#gallery-1 {\n\t\t\t\tmargin: auto;\n\t\t\t}\n\t\t\t#gallery-1 .gallery-item {\n\t\t\t\tfloat: left;\n\t\t\t\tmargin-top: 10px;\n\t\t\t\ttext-align: center;\n\t\t\t\twidth: 33%;\n\t\t\t}\n\t\t\t#gallery-1 img {\n\t\t\t\tborder: 2px solid #cfcfcf;\n\t\t\t}\n\t\t\t#gallery-1 .gallery-caption {\n\t\t\t\tmargin-left: 0;\n\t\t\t}\n\t\t\t\/* see gallery_shortcode() in wp-includes\/media.php *\/\n\t\t<\/style>\n\t\t<div id='gallery-1' class='gallery galleryid-7724 gallery-columns-3 gallery-size-thumbnail'><dl class='gallery-item'>\n\t\t\t<dt class='gallery-icon portrait'>\n\t\t\t\t<a data-elementor-open-lightbox=\"yes\" data-elementor-lightbox-slideshow=\"4177702\" data-elementor-lightbox-title=\"305625051_758208832147493_9104945255055165637_n\" data-e-action-hash=\"#elementor-action%3Aaction%3Dlightbox%26settings%3DeyJpZCI6NzcyOSwidXJsIjoiaHR0cHM6XC9cL3d3dy5zcDExYmVkemluLmVkdS5wbFwvd3AtY29udGVudFwvdXBsb2Fkc1wvMjAyMlwvMDlcLzMwNTYyNTA1MV83NTgyMDg4MzIxNDc0OTNfOTEwNDk0NTI1NTA1NTE2NTYzN19uLXNjYWxlZC5qcGciLCJzbGlkZXNob3ciOiI0MTc3NzAyIn0%3D\" href='https:\/\/www.sp11bedzin.edu.pl\/wp-content\/uploads\/2022\/09\/305625051_758208832147493_9104945255055165637_n-scaled.jpg'><img decoding=\"async\" width=\"150\" height=\"150\" src=\"https:\/\/www.sp11bedzin.edu.pl\/wp-content\/uploads\/2022\/09\/305625051_758208832147493_9104945255055165637_n-150x150.jpg\" class=\"attachment-thumbnail size-thumbnail\" alt=\"\" srcset=\"https:\/\/www.sp11bedzin.edu.pl\/wp-content\/uploads\/2022\/09\/305625051_758208832147493_9104945255055165637_n-150x150.jpg 150w, https:\/\/www.sp11bedzin.edu.pl\/wp-content\/uploads\/2022\/09\/305625051_758208832147493_9104945255055165637_n-300x300.jpg 300w\" sizes=\"(max-width: 150px) 100vw, 150px\" \/><\/a>\n\t\t\t<\/dt><\/dl><dl class='gallery-item'>\n\t\t\t<dt class='gallery-icon landscape'>\n\t\t\t\t<a data-elementor-open-lightbox=\"yes\" data-elementor-lightbox-slideshow=\"4177702\" data-elementor-lightbox-title=\"305545482_486532696811519_2655248387803915864_n\" data-e-action-hash=\"#elementor-action%3Aaction%3Dlightbox%26settings%3DeyJpZCI6NzczMCwidXJsIjoiaHR0cHM6XC9cL3d3dy5zcDExYmVkemluLmVkdS5wbFwvd3AtY29udGVudFwvdXBsb2Fkc1wvMjAyMlwvMDlcLzMwNTU0NTQ4Ml80ODY1MzI2OTY4MTE1MTlfMjY1NTI0ODM4NzgwMzkxNTg2NF9uLXNjYWxlZC5qcGciLCJzbGlkZXNob3ciOiI0MTc3NzAyIn0%3D\" href='https:\/\/www.sp11bedzin.edu.pl\/wp-content\/uploads\/2022\/09\/305545482_486532696811519_2655248387803915864_n-scaled.jpg'><img decoding=\"async\" width=\"150\" height=\"150\" src=\"https:\/\/www.sp11bedzin.edu.pl\/wp-content\/uploads\/2022\/09\/305545482_486532696811519_2655248387803915864_n-150x150.jpg\" class=\"attachment-thumbnail size-thumbnail\" alt=\"\" srcset=\"https:\/\/www.sp11bedzin.edu.pl\/wp-content\/uploads\/2022\/09\/305545482_486532696811519_2655248387803915864_n-150x150.jpg 150w, https:\/\/www.sp11bedzin.edu.pl\/wp-content\/uploads\/2022\/09\/305545482_486532696811519_2655248387803915864_n-300x300.jpg 300w\" sizes=\"(max-width: 150px) 100vw, 150px\" \/><\/a>\n\t\t\t<\/dt><\/dl><dl class='gallery-item'>\n\t\t\t<dt class='gallery-icon portrait'>\n\t\t\t\t<a data-elementor-open-lightbox=\"yes\" data-elementor-lightbox-slideshow=\"4177702\" data-elementor-lightbox-title=\"305521444_609588800617344_1643994149967550246_n\" data-e-action-hash=\"#elementor-action%3Aaction%3Dlightbox%26settings%3DeyJpZCI6NzczMSwidXJsIjoiaHR0cHM6XC9cL3d3dy5zcDExYmVkemluLmVkdS5wbFwvd3AtY29udGVudFwvdXBsb2Fkc1wvMjAyMlwvMDlcLzMwNTUyMTQ0NF82MDk1ODg4MDA2MTczNDRfMTY0Mzk5NDE0OTk2NzU1MDI0Nl9uLXNjYWxlZC5qcGciLCJzbGlkZXNob3ciOiI0MTc3NzAyIn0%3D\" href='https:\/\/www.sp11bedzin.edu.pl\/wp-content\/uploads\/2022\/09\/305521444_609588800617344_1643994149967550246_n-scaled.jpg'><img decoding=\"async\" width=\"150\" height=\"150\" src=\"https:\/\/www.sp11bedzin.edu.pl\/wp-content\/uploads\/2022\/09\/305521444_609588800617344_1643994149967550246_n-150x150.jpg\" class=\"attachment-thumbnail size-thumbnail\" alt=\"\" srcset=\"https:\/\/www.sp11bedzin.edu.pl\/wp-content\/uploads\/2022\/09\/305521444_609588800617344_1643994149967550246_n-150x150.jpg 150w, https:\/\/www.sp11bedzin.edu.pl\/wp-content\/uploads\/2022\/09\/305521444_609588800617344_1643994149967550246_n-300x300.jpg 300w\" sizes=\"(max-width: 150px) 100vw, 150px\" \/><\/a>\n\t\t\t<\/dt><\/dl><br style=\"clear: both\" \/>\n\t\t<\/div>\n\t\t<\/div>\n\t\t\t\t\t\t<\/div>\n\t\t\t\t<\/div>\n\t\t\t\t\t<\/div>\n\t\t<\/div>\n\t\t\t\t\t<\/div>\n\t\t<\/section>\n\t\t\t\t<\/div>\n\t\t","protected":false},"excerpt":{"rendered":"<p>SPOTKANIE Z RZECZNIKIEM PRAW UCZNIA W dniu 07.09.2022r. odby\u0142o si\u0119 spotkanie uczni\u00f3w klas 4-8 z Rzecznikiem Praw Ucznia. W naszej szkole jest nim dr Anita Palim\u0105ka. To nauczyciel obdarzony zaufaniem i&nbsp;wybrany przez spo\u0142eczno\u015b\u0107 uczniowsk\u0105. Podczas spotkania uczniowie mogli bli\u017cej przyjrze\u0107 si\u0119 pracy rzecznika oraz zada\u0107 pytania dotycz\u0105ce praw ucznia.<\/p>\n","protected":false},"author":1,"featured_media":7729,"comment_status":"closed","ping_status":"closed","sticky":false,"template":"","format":"standard","meta":{"footnotes":""},"categories":[1],"tags":[],"class_list":["post-7724","post","type-post","status-publish","format-standard","has-post-thumbnail","hentry","category-uncategorized"],"_links":{"self":[{"href":"https:\/\/www.sp11bedzin.edu.pl\/index.php\/wp-json\/wp\/v2\/posts\/7724","targetHints":{"allow":["GET"]}}],"collection":[{"href":"https:\/\/www.sp11bedzin.edu.pl\/index.php\/wp-json\/wp\/v2\/posts"}],"about":[{"href":"https:\/\/www.sp11bedzin.edu.pl\/index.php\/wp-json\/wp\/v2\/types\/post"}],"author":[{"embeddable":true,"href":"https:\/\/www.sp11bedzin.edu.pl\/index.php\/wp-json\/wp\/v2\/users\/1"}],"replies":[{"embeddable":true,"href":"https:\/\/www.sp11bedzin.edu.pl\/index.php\/wp-json\/wp\/v2\/comments?post=7724"}],"version-history":[{"count":7,"href":"https:\/\/www.sp11bedzin.edu.pl\/index.php\/wp-json\/wp\/v2\/posts\/7724\/revisions"}],"predecessor-version":[{"id":7735,"href":"https:\/\/www.sp11bedzin.edu.pl\/index.php\/wp-json\/wp\/v2\/posts\/7724\/revisions\/7735"}],"wp:featuredmedia":[{"embeddable":true,"href":"https:\/\/www.sp11bedzin.edu.pl\/index.php\/wp-json\/wp\/v2\/media\/7729"}],"wp:attachment":[{"href":"https:\/\/www.sp11bedzin.edu.pl\/index.php\/wp-json\/wp\/v2\/media?parent=7724"}],"wp:term":[{"taxonomy":"category","embeddable":true,"href":"https:\/\/www.sp11bedzin.edu.pl\/index.php\/wp-json\/wp\/v2\/categories?post=7724"},{"taxonomy":"post_tag","embeddable":true,"href":"https:\/\/www.sp11bedzin.edu.pl\/index.php\/wp-json\/wp\/v2\/tags?post=7724"}],"curies":[{"name":"wp","href":"https:\/\/api.w.org\/{rel}","templated":true}]}}