{"id":7611,"date":"2022-08-25T13:07:00","date_gmt":"2022-08-25T13:07:00","guid":{"rendered":"https:\/\/www.sp11bedzin.edu.pl\/?p=7611"},"modified":"2022-08-26T17:08:16","modified_gmt":"2022-08-26T17:08:16","slug":"rozpoczecie-roku-szkolnego-2022-2023","status":"publish","type":"post","link":"https:\/\/www.sp11bedzin.edu.pl\/index.php\/2022\/08\/25\/rozpoczecie-roku-szkolnego-2022-2023\/","title":{"rendered":"Rozpocz\u0119cie roku szkolnego 2022\/2023"},"content":{"rendered":"\t\t<div data-elementor-type=\"wp-post\" data-elementor-id=\"7611\" class=\"elementor elementor-7611\">\n\t\t\t\t\t\t<section class=\"elementor-section elementor-top-section elementor-element elementor-element-4f7f1ff elementor-section-boxed elementor-section-height-default elementor-section-height-default\" data-id=\"4f7f1ff\" data-element_type=\"section\" data-e-type=\"section\">\n\t\t\t\t\t\t<div class=\"elementor-container elementor-column-gap-default\">\n\t\t\t\t\t<div class=\"elementor-column elementor-col-100 elementor-top-column elementor-element elementor-element-4ce2929\" data-id=\"4ce2929\" data-element_type=\"column\" data-e-type=\"column\">\n\t\t\t<div class=\"elementor-widget-wrap\">\n\t\t\t\t\t\t\t<\/div>\n\t\t<\/div>\n\t\t\t\t\t<\/div>\n\t\t<\/section>\n\t\t\t\t<section class=\"elementor-section elementor-top-section elementor-element elementor-element-07505b0 elementor-section-boxed elementor-section-height-default elementor-section-height-default\" data-id=\"07505b0\" data-element_type=\"section\" data-e-type=\"section\">\n\t\t\t\t\t\t<div class=\"elementor-container elementor-column-gap-default\">\n\t\t\t\t\t<div class=\"elementor-column elementor-col-100 elementor-top-column elementor-element elementor-element-d57d254\" data-id=\"d57d254\" data-element_type=\"column\" data-e-type=\"column\">\n\t\t\t<div class=\"elementor-widget-wrap elementor-element-populated\">\n\t\t\t\t\t\t<div class=\"elementor-element elementor-element-a5595d0 elementor-widget elementor-widget-image\" data-id=\"a5595d0\" data-element_type=\"widget\" data-e-type=\"widget\" data-widget_type=\"image.default\">\n\t\t\t\t<div class=\"elementor-widget-container\">\n\t\t\t\t\t\t\t\t\t\t\t\t\t\t\t<img fetchpriority=\"high\" decoding=\"async\" width=\"800\" height=\"532\" src=\"https:\/\/www.sp11bedzin.edu.pl\/wp-content\/uploads\/2022\/08\/rozpoczeciegif.jpg\" class=\"attachment-large size-large wp-image-7613\" alt=\"\" srcset=\"https:\/\/www.sp11bedzin.edu.pl\/wp-content\/uploads\/2022\/08\/rozpoczeciegif.jpg 800w, https:\/\/www.sp11bedzin.edu.pl\/wp-content\/uploads\/2022\/08\/rozpoczeciegif-300x200.jpg 300w, https:\/\/www.sp11bedzin.edu.pl\/wp-content\/uploads\/2022\/08\/rozpoczeciegif-768x511.jpg 768w\" sizes=\"(max-width: 800px) 100vw, 800px\" \/>\t\t\t\t\t\t\t\t\t\t\t\t\t\t\t<\/div>\n\t\t\t\t<\/div>\n\t\t\t\t<div class=\"elementor-element elementor-element-e5cdcb7 elementor-widget elementor-widget-text-editor\" data-id=\"e5cdcb7\" data-element_type=\"widget\" data-e-type=\"widget\" data-widget_type=\"text-editor.default\">\n\t\t\t\t<div class=\"elementor-widget-container\">\n\t\t\t\t\t\t\t\t\t<h3 style=\"font-family: Montserrat; color: #686868; text-align: center;\"><span style=\"color: #000000;\">Zapraszamy 1 wrze\u015bnia 2022<\/span><\/h3><h3 style=\"font-family: Montserrat; color: #686868; text-align: center;\"><span style=\"color: #000000;\">na uroczyste rozpocz\u0119cie roku szkolnego 2022\/2023<\/span><\/h3><h3 style=\"font-family: Montserrat; color: #686868;\">\u00a0<\/h3><h3 style=\"font-family: Montserrat; color: #686868;\"><span style=\"color: #000000;\"><strong>klasy I \u2013 godz. 9:30,<\/strong>\u00a0sala gimnastyczna,\u00a0<span style=\"font-weight: normal;\">w uroczysto\u015bci mo\u017ce uczestniczy\u0107 jeden rodzic ucznia,\u00a0<\/span><span style=\"font-weight: normal;\">spotkanie z wychowawc\u0105 klasy (2 godziny lekcyjne)<\/span><\/span><\/h3><h3 style=\"font-family: Montserrat; color: #686868;\"><span style=\"color: #000000;\"><strong>klasy II \u2013 III \u2013 godz. 9:30<\/strong>,\u00a0sala gimnastyczna,\u00a0<span style=\"font-weight: normal;\">spotkanie z wychowawc\u0105 klasy <br \/>(2 godziny lekcyjne)<\/span><\/span><\/h3><h3 style=\"font-family: Montserrat; color: #686868;\"><span style=\"color: #000000;\"><strong>klasy IV \u2013\u00a0<\/strong><\/span><strong style=\"color: #000000; letter-spacing: -0.02em;\">VIII \u2013 godz. 8:30<\/strong><span style=\"color: #000000; letter-spacing: -0.02em;\">,\u00a0<\/span><span style=\"color: #000000;\">sala gimnastyczna,\u00a0<span style=\"font-weight: normal;\">spotkanie z wychowawc\u0105 klasy <br \/>(2 godziny lekcyjne)<\/span><\/span><\/h3><div><span style=\"color: #ff0000;\">Ze wzgl\u0119d\u00f3w bezpiecze\u0144stwa prosimy rodzic\u00f3w o niewchodzenie na teren szko\u0142y<\/span><\/div><h3 style=\"font-family: Montserrat; color: #686868;\">\u00a0<\/h3>\t\t\t\t\t\t\t\t<\/div>\n\t\t\t\t<\/div>\n\t\t\t\t\t<\/div>\n\t\t<\/div>\n\t\t\t\t\t<\/div>\n\t\t<\/section>\n\t\t\t\t<\/div>\n\t\t","protected":false},"excerpt":{"rendered":"<p>Zapraszamy 1 wrze\u015bnia 2022 na uroczyste rozpocz\u0119cie roku szkolnego 2022\/2023 \u00a0 klasy I \u2013 godz. 9:30,\u00a0sala gimnastyczna,\u00a0w uroczysto\u015bci mo\u017ce uczestniczy\u0107 jeden rodzic ucznia,\u00a0spotkanie z wychowawc\u0105 klasy (2 godziny lekcyjne) klasy II \u2013 III \u2013 godz. 9:30,\u00a0sala gimnastyczna,\u00a0spotkanie z wychowawc\u0105 klasy (2 godziny lekcyjne) klasy IV \u2013\u00a0VIII \u2013 godz. 8:30,\u00a0sala gimnastyczna,\u00a0spotkanie z wychowawc\u0105 klasy (2 godziny&hellip;<\/p>\n","protected":false},"author":1,"featured_media":7613,"comment_status":"closed","ping_status":"closed","sticky":false,"template":"","format":"standard","meta":{"footnotes":""},"categories":[1],"tags":[],"class_list":["post-7611","post","type-post","status-publish","format-standard","has-post-thumbnail","hentry","category-uncategorized"],"_links":{"self":[{"href":"https:\/\/www.sp11bedzin.edu.pl\/index.php\/wp-json\/wp\/v2\/posts\/7611","targetHints":{"allow":["GET"]}}],"collection":[{"href":"https:\/\/www.sp11bedzin.edu.pl\/index.php\/wp-json\/wp\/v2\/posts"}],"about":[{"href":"https:\/\/www.sp11bedzin.edu.pl\/index.php\/wp-json\/wp\/v2\/types\/post"}],"author":[{"embeddable":true,"href":"https:\/\/www.sp11bedzin.edu.pl\/index.php\/wp-json\/wp\/v2\/users\/1"}],"replies":[{"embeddable":true,"href":"https:\/\/www.sp11bedzin.edu.pl\/index.php\/wp-json\/wp\/v2\/comments?post=7611"}],"version-history":[{"count":29,"href":"https:\/\/www.sp11bedzin.edu.pl\/index.php\/wp-json\/wp\/v2\/posts\/7611\/revisions"}],"predecessor-version":[{"id":7641,"href":"https:\/\/www.sp11bedzin.edu.pl\/index.php\/wp-json\/wp\/v2\/posts\/7611\/revisions\/7641"}],"wp:featuredmedia":[{"embeddable":true,"href":"https:\/\/www.sp11bedzin.edu.pl\/index.php\/wp-json\/wp\/v2\/media\/7613"}],"wp:attachment":[{"href":"https:\/\/www.sp11bedzin.edu.pl\/index.php\/wp-json\/wp\/v2\/media?parent=7611"}],"wp:term":[{"taxonomy":"category","embeddable":true,"href":"https:\/\/www.sp11bedzin.edu.pl\/index.php\/wp-json\/wp\/v2\/categories?post=7611"},{"taxonomy":"post_tag","embeddable":true,"href":"https:\/\/www.sp11bedzin.edu.pl\/index.php\/wp-json\/wp\/v2\/tags?post=7611"}],"curies":[{"name":"wp","href":"https:\/\/api.w.org\/{rel}","templated":true}]}}