{"id":7557,"date":"2022-06-24T13:30:37","date_gmt":"2022-06-24T13:30:37","guid":{"rendered":"https:\/\/www.sp11bedzin.edu.pl\/?p=7557"},"modified":"2022-06-24T13:37:43","modified_gmt":"2022-06-24T13:37:43","slug":"wakacje","status":"publish","type":"post","link":"https:\/\/www.sp11bedzin.edu.pl\/index.php\/2022\/06\/24\/wakacje\/","title":{"rendered":"Wakacje"},"content":{"rendered":"\t\t<div data-elementor-type=\"wp-post\" data-elementor-id=\"7557\" class=\"elementor elementor-7557\">\n\t\t\t\t\t\t<section class=\"elementor-section elementor-top-section elementor-element elementor-element-568d2de elementor-section-boxed elementor-section-height-default elementor-section-height-default\" data-id=\"568d2de\" data-element_type=\"section\" data-e-type=\"section\">\n\t\t\t\t\t\t<div class=\"elementor-container elementor-column-gap-default\">\n\t\t\t\t\t<div class=\"elementor-column elementor-col-100 elementor-top-column elementor-element elementor-element-569bb94\" data-id=\"569bb94\" data-element_type=\"column\" data-e-type=\"column\">\n\t\t\t<div class=\"elementor-widget-wrap elementor-element-populated\">\n\t\t\t\t\t\t<div class=\"elementor-element elementor-element-c083378 elementor-widget elementor-widget-text-editor\" data-id=\"c083378\" data-element_type=\"widget\" data-e-type=\"widget\" data-widget_type=\"text-editor.default\">\n\t\t\t\t<div class=\"elementor-widget-container\">\n\t\t\t\t\t\t\t\t\t<h1 class=\"wyd-h1 title detail\" style=\"text-align: right;\"><span style=\"color: #000000;\">Na wakacjach<\/span><\/h1><p style=\"text-align: right;\"><span style=\"color: #000000;\">Po raz ostatni zad\u017awi\u0119cza\u0142 dzwonek,<\/span><br \/><span style=\"color: #000000;\">jutro wakacje, lekcje sko\u0144czone!<\/span><br \/><span style=\"color: #000000;\">Przeszli\u015bmy wszyscy z klasy do klasy,<\/span><br \/><span style=\"color: #000000;\">z trzeciej do czwartej, z czwartej do pi\u0105tej:<\/span><br \/><span style=\"color: #000000;\">cho\u0107 na \u015bwiadectwach tr\u00f3jki s\u0105 czasem,<\/span><br \/><span style=\"color: #000000;\">wi\u0119cej jest na nich czw\u00f3rek i pi\u0105tek.<\/span><\/p><p style=\"text-align: right;\"><span style=\"color: #000000;\">A teraz wszystkich czeka nagroda:<\/span><br \/><span style=\"color: #000000;\">wakacje, wczasy, s\u0142o\u0144ce, pogoda,<\/span><br \/><span style=\"color: #000000;\">gor\u0105cy piasek, szum morskiej fali,<\/span><br \/><span style=\"color: #000000;\">kusz\u0105cy zapach lasu z oddali.<\/span><br \/><span style=\"color: #000000;\">A w lesie pi\u0119kne ptak\u00f3w piosenki<\/span><br \/><span style=\"color: #000000;\">i chmurki lotne, i czysty b\u0142\u0119kit.<\/span><br \/><span style=\"color: #000000;\">Pachn\u0105ce kwiaty na \u0142\u0105kach w trawie,<\/span><br \/><span style=\"color: #000000;\">k\u0105piel w jeziorze, \u0142\u00f3dka na stawie,<\/span><br \/><span style=\"color: #000000;\">perlista rosa na listkach w borze,<\/span><br \/><span style=\"color: #000000;\">z\u0142ociste pola, rzeka i morze<\/span><\/p><h1 class=\"wyd-h1 title detail\" style=\"text-align: right;\"><span style=\"color: #000000;\">&#8211; Czes\u0142aw Janczarski<\/span><\/h1><h1 style=\"text-align: center;\"><span style=\"color: #008000;\">Bezpiecznych, zdrowych i s\u0142onecznych wakacji oraz szcz\u0119\u015bliwego powrotu do szko\u0142y <br \/>we wrze\u015bniu \u017cyczy Dyrekcja, Grono Pedagogiczne oraz Pracownicy Administracji <br \/>i Obs\u0142ugi.<\/span><\/h1>\t\t\t\t\t\t\t\t<\/div>\n\t\t\t\t<\/div>\n\t\t\t\t\t<\/div>\n\t\t<\/div>\n\t\t\t\t\t<\/div>\n\t\t<\/section>\n\t\t\t\t<section class=\"elementor-section elementor-top-section elementor-element elementor-element-9d11c41 elementor-section-boxed elementor-section-height-default elementor-section-height-default\" data-id=\"9d11c41\" data-element_type=\"section\" data-e-type=\"section\">\n\t\t\t\t\t\t<div class=\"elementor-container elementor-column-gap-default\">\n\t\t\t\t\t<div class=\"elementor-column elementor-col-100 elementor-top-column elementor-element elementor-element-c7a977a\" data-id=\"c7a977a\" data-element_type=\"column\" data-e-type=\"column\">\n\t\t\t<div class=\"elementor-widget-wrap elementor-element-populated\">\n\t\t\t\t\t\t<div class=\"elementor-element elementor-element-a5422ff elementor-widget elementor-widget-image\" data-id=\"a5422ff\" data-element_type=\"widget\" data-e-type=\"widget\" data-widget_type=\"image.default\">\n\t\t\t\t<div class=\"elementor-widget-container\">\n\t\t\t\t\t\t\t\t\t\t\t\t\t\t\t<img fetchpriority=\"high\" decoding=\"async\" width=\"500\" height=\"500\" src=\"https:\/\/www.sp11bedzin.edu.pl\/wp-content\/uploads\/2022\/06\/4c341bdfb03b13bf07e7f7e169406707.jpg\" class=\"attachment-large size-large wp-image-7564\" alt=\"\" srcset=\"https:\/\/www.sp11bedzin.edu.pl\/wp-content\/uploads\/2022\/06\/4c341bdfb03b13bf07e7f7e169406707.jpg 500w, https:\/\/www.sp11bedzin.edu.pl\/wp-content\/uploads\/2022\/06\/4c341bdfb03b13bf07e7f7e169406707-300x300.jpg 300w, https:\/\/www.sp11bedzin.edu.pl\/wp-content\/uploads\/2022\/06\/4c341bdfb03b13bf07e7f7e169406707-150x150.jpg 150w\" sizes=\"(max-width: 500px) 100vw, 500px\" \/>\t\t\t\t\t\t\t\t\t\t\t\t\t\t\t<\/div>\n\t\t\t\t<\/div>\n\t\t\t\t\t<\/div>\n\t\t<\/div>\n\t\t\t\t\t<\/div>\n\t\t<\/section>\n\t\t\t\t<\/div>\n\t\t","protected":false},"excerpt":{"rendered":"<p>Na wakacjach Po raz ostatni zad\u017awi\u0119cza\u0142 dzwonek, jutro wakacje, lekcje sko\u0144czone! Przeszli\u015bmy wszyscy z klasy do klasy, z trzeciej do czwartej, z czwartej do pi\u0105tej: cho\u0107 na \u015bwiadectwach tr\u00f3jki s\u0105 czasem, wi\u0119cej jest na nich czw\u00f3rek i pi\u0105tek. A teraz wszystkich czeka nagroda: wakacje, wczasy, s\u0142o\u0144ce, pogoda, gor\u0105cy piasek, szum morskiej fali, kusz\u0105cy zapach lasu&hellip;<\/p>\n","protected":false},"author":1,"featured_media":7562,"comment_status":"closed","ping_status":"closed","sticky":false,"template":"","format":"standard","meta":{"footnotes":""},"categories":[1],"tags":[],"class_list":["post-7557","post","type-post","status-publish","format-standard","has-post-thumbnail","hentry","category-uncategorized"],"_links":{"self":[{"href":"https:\/\/www.sp11bedzin.edu.pl\/index.php\/wp-json\/wp\/v2\/posts\/7557","targetHints":{"allow":["GET"]}}],"collection":[{"href":"https:\/\/www.sp11bedzin.edu.pl\/index.php\/wp-json\/wp\/v2\/posts"}],"about":[{"href":"https:\/\/www.sp11bedzin.edu.pl\/index.php\/wp-json\/wp\/v2\/types\/post"}],"author":[{"embeddable":true,"href":"https:\/\/www.sp11bedzin.edu.pl\/index.php\/wp-json\/wp\/v2\/users\/1"}],"replies":[{"embeddable":true,"href":"https:\/\/www.sp11bedzin.edu.pl\/index.php\/wp-json\/wp\/v2\/comments?post=7557"}],"version-history":[{"count":11,"href":"https:\/\/www.sp11bedzin.edu.pl\/index.php\/wp-json\/wp\/v2\/posts\/7557\/revisions"}],"predecessor-version":[{"id":7571,"href":"https:\/\/www.sp11bedzin.edu.pl\/index.php\/wp-json\/wp\/v2\/posts\/7557\/revisions\/7571"}],"wp:featuredmedia":[{"embeddable":true,"href":"https:\/\/www.sp11bedzin.edu.pl\/index.php\/wp-json\/wp\/v2\/media\/7562"}],"wp:attachment":[{"href":"https:\/\/www.sp11bedzin.edu.pl\/index.php\/wp-json\/wp\/v2\/media?parent=7557"}],"wp:term":[{"taxonomy":"category","embeddable":true,"href":"https:\/\/www.sp11bedzin.edu.pl\/index.php\/wp-json\/wp\/v2\/categories?post=7557"},{"taxonomy":"post_tag","embeddable":true,"href":"https:\/\/www.sp11bedzin.edu.pl\/index.php\/wp-json\/wp\/v2\/tags?post=7557"}],"curies":[{"name":"wp","href":"https:\/\/api.w.org\/{rel}","templated":true}]}}