{"id":7456,"date":"2022-06-15T13:09:40","date_gmt":"2022-06-15T13:09:40","guid":{"rendered":"https:\/\/www.sp11bedzin.edu.pl\/?p=7456"},"modified":"2022-06-15T13:14:18","modified_gmt":"2022-06-15T13:14:18","slug":"poznaj-parki-krajobrazowe-wojewodztwa-slaskiego","status":"publish","type":"post","link":"https:\/\/www.sp11bedzin.edu.pl\/index.php\/2022\/06\/15\/poznaj-parki-krajobrazowe-wojewodztwa-slaskiego\/","title":{"rendered":"Poznaj Parki Krajobrazowe Wojew\u00f3dztwa \u015al\u0105skiego"},"content":{"rendered":"\t\t<div data-elementor-type=\"wp-post\" data-elementor-id=\"7456\" class=\"elementor elementor-7456\">\n\t\t\t\t\t\t<section class=\"elementor-section elementor-top-section elementor-element elementor-element-8cf7d6c elementor-section-boxed elementor-section-height-default elementor-section-height-default\" data-id=\"8cf7d6c\" data-element_type=\"section\" data-e-type=\"section\">\n\t\t\t\t\t\t<div class=\"elementor-container elementor-column-gap-default\">\n\t\t\t\t\t<div class=\"elementor-column elementor-col-100 elementor-top-column elementor-element elementor-element-2c2c722\" data-id=\"2c2c722\" data-element_type=\"column\" data-e-type=\"column\">\n\t\t\t<div class=\"elementor-widget-wrap elementor-element-populated\">\n\t\t\t\t\t\t<div class=\"elementor-element elementor-element-31128d2 elementor-widget elementor-widget-text-editor\" data-id=\"31128d2\" data-element_type=\"widget\" data-e-type=\"widget\" data-widget_type=\"text-editor.default\">\n\t\t\t\t<div class=\"elementor-widget-container\">\n\t\t\t\t\t\t\t\t\t<p><span style=\"color: #000000;\">Parki Krajobrazowe to bogactwo przyrody o\u017cywionej i\u00a0 nieo\u017cywionej, cz\u0119sto odwiedzamy te miejsca nie wiedz\u0105c , \u017ce s\u0105 to tereny obj\u0119te ochron\u0105.<\/span><br \/><span style=\"color: #000000;\">14 czerwca\u00a0 uczniowie klasy 4a, 4b, 7a i 6a uczestniczyli w zaj\u0119ciach przyrodniczych prowadzonych przez pracownika O\u015brodka Edukacyjnego ZPKW\u015a w B\u0119dzinie, kt\u00f3ry poprzez prezentacje\u00a0 krajobraz\u00f3w fauny i flory najbli\u017cszej okolicy zach\u0119ca\u0142 uczni\u00f3w do wakacyjnych w\u0119dr\u00f3wek i poznawania Park\u00f3w Krajobrazowych na terenie Wojew\u00f3dztwa \u015al\u0105skiego.\u00a0 <\/span><br \/><span style=\"color: #000000;\">Uczniowie rozpoznawali ciekawe formy skalne, chronione ro\u015bliny i zwierz\u0119ta,\u00a0 , kt\u00f3re warto zobaczy\u0107 w najbli\u017cszej okolicy. Poznali, jak bezpiecznie zachowa\u0107 si\u0119 w przypadku spotkania\u00a0 na szlaku dzikich zwierz\u0105t, z zainteresowaniem s\u0142uchali o \u017cyciu nietoperzy\u00a0 i wymar\u0142ych zwierz\u0119tach, kt\u00f3re kiedy\u015b wyst\u0119powa\u0142y na tych terenach.<\/span><br \/><span style=\"color: #000000;\">Prowadz\u0105ca zach\u0119ca\u0142a uczni\u00f3w do wsp\u00f3lnego poznawania\u00a0 z rodzicami Park\u00f3w Krajobrazowych <\/span><br \/><span style=\"color: #000000;\">w czasie wakacyjnych w\u0119dr\u00f3wek.<\/span><\/p>\t\t\t\t\t\t\t\t<\/div>\n\t\t\t\t<\/div>\n\t\t\t\t<div class=\"elementor-element elementor-element-8992d6d elementor-widget elementor-widget-image-gallery\" data-id=\"8992d6d\" data-element_type=\"widget\" data-e-type=\"widget\" data-widget_type=\"image-gallery.default\">\n\t\t\t\t<div class=\"elementor-widget-container\">\n\t\t\t\t\t\t\t<div class=\"elementor-image-gallery\">\n\t\t\t\n\t\t<style type=\"text\/css\">\n\t\t\t#gallery-1 {\n\t\t\t\tmargin: auto;\n\t\t\t}\n\t\t\t#gallery-1 .gallery-item {\n\t\t\t\tfloat: left;\n\t\t\t\tmargin-top: 10px;\n\t\t\t\ttext-align: center;\n\t\t\t\twidth: 33%;\n\t\t\t}\n\t\t\t#gallery-1 img {\n\t\t\t\tborder: 2px solid #cfcfcf;\n\t\t\t}\n\t\t\t#gallery-1 .gallery-caption {\n\t\t\t\tmargin-left: 0;\n\t\t\t}\n\t\t\t\/* see gallery_shortcode() in wp-includes\/media.php *\/\n\t\t<\/style>\n\t\t<div id='gallery-1' class='gallery galleryid-7456 gallery-columns-3 gallery-size-thumbnail'><dl class='gallery-item'>\n\t\t\t<dt class='gallery-icon portrait'>\n\t\t\t\t<a data-elementor-open-lightbox=\"yes\" data-elementor-lightbox-slideshow=\"8992d6d\" data-elementor-lightbox-title=\"20220614_080352\" data-e-action-hash=\"#elementor-action%3Aaction%3Dlightbox%26settings%3DeyJpZCI6NzQ2NiwidXJsIjoiaHR0cHM6XC9cL3d3dy5zcDExYmVkemluLmVkdS5wbFwvd3AtY29udGVudFwvdXBsb2Fkc1wvMjAyMlwvMDZcLzIwMjIwNjE0XzA4MDM1Mi0xLXJvdGF0ZWQuanBnIiwic2xpZGVzaG93IjoiODk5MmQ2ZCJ9\" href='https:\/\/www.sp11bedzin.edu.pl\/wp-content\/uploads\/2022\/06\/20220614_080352-1-rotated.jpg'><img decoding=\"async\" width=\"150\" height=\"150\" src=\"https:\/\/www.sp11bedzin.edu.pl\/wp-content\/uploads\/2022\/06\/20220614_080352-1-150x150.jpg\" class=\"attachment-thumbnail size-thumbnail\" alt=\"\" srcset=\"https:\/\/www.sp11bedzin.edu.pl\/wp-content\/uploads\/2022\/06\/20220614_080352-1-150x150.jpg 150w, https:\/\/www.sp11bedzin.edu.pl\/wp-content\/uploads\/2022\/06\/20220614_080352-1-300x300.jpg 300w\" sizes=\"(max-width: 150px) 100vw, 150px\" \/><\/a>\n\t\t\t<\/dt><\/dl><dl class='gallery-item'>\n\t\t\t<dt class='gallery-icon portrait'>\n\t\t\t\t<a data-elementor-open-lightbox=\"yes\" data-elementor-lightbox-slideshow=\"8992d6d\" data-elementor-lightbox-title=\"20220614_080914\" data-e-action-hash=\"#elementor-action%3Aaction%3Dlightbox%26settings%3DeyJpZCI6NzQ2NywidXJsIjoiaHR0cHM6XC9cL3d3dy5zcDExYmVkemluLmVkdS5wbFwvd3AtY29udGVudFwvdXBsb2Fkc1wvMjAyMlwvMDZcLzIwMjIwNjE0XzA4MDkxNC0xLXJvdGF0ZWQuanBnIiwic2xpZGVzaG93IjoiODk5MmQ2ZCJ9\" href='https:\/\/www.sp11bedzin.edu.pl\/wp-content\/uploads\/2022\/06\/20220614_080914-1-rotated.jpg'><img decoding=\"async\" width=\"150\" height=\"150\" src=\"https:\/\/www.sp11bedzin.edu.pl\/wp-content\/uploads\/2022\/06\/20220614_080914-1-150x150.jpg\" class=\"attachment-thumbnail size-thumbnail\" alt=\"\" srcset=\"https:\/\/www.sp11bedzin.edu.pl\/wp-content\/uploads\/2022\/06\/20220614_080914-1-150x150.jpg 150w, https:\/\/www.sp11bedzin.edu.pl\/wp-content\/uploads\/2022\/06\/20220614_080914-1-300x300.jpg 300w\" sizes=\"(max-width: 150px) 100vw, 150px\" \/><\/a>\n\t\t\t<\/dt><\/dl><dl class='gallery-item'>\n\t\t\t<dt class='gallery-icon portrait'>\n\t\t\t\t<a data-elementor-open-lightbox=\"yes\" data-elementor-lightbox-slideshow=\"8992d6d\" data-elementor-lightbox-title=\"20220614_092059\" data-e-action-hash=\"#elementor-action%3Aaction%3Dlightbox%26settings%3DeyJpZCI6NzQ2OCwidXJsIjoiaHR0cHM6XC9cL3d3dy5zcDExYmVkemluLmVkdS5wbFwvd3AtY29udGVudFwvdXBsb2Fkc1wvMjAyMlwvMDZcLzIwMjIwNjE0XzA5MjA1OS0yLXJvdGF0ZWQuanBnIiwic2xpZGVzaG93IjoiODk5MmQ2ZCJ9\" href='https:\/\/www.sp11bedzin.edu.pl\/wp-content\/uploads\/2022\/06\/20220614_092059-2-rotated.jpg'><img decoding=\"async\" width=\"150\" height=\"150\" src=\"https:\/\/www.sp11bedzin.edu.pl\/wp-content\/uploads\/2022\/06\/20220614_092059-2-150x150.jpg\" class=\"attachment-thumbnail size-thumbnail\" alt=\"\" srcset=\"https:\/\/www.sp11bedzin.edu.pl\/wp-content\/uploads\/2022\/06\/20220614_092059-2-150x150.jpg 150w, https:\/\/www.sp11bedzin.edu.pl\/wp-content\/uploads\/2022\/06\/20220614_092059-2-300x300.jpg 300w\" sizes=\"(max-width: 150px) 100vw, 150px\" \/><\/a>\n\t\t\t<\/dt><\/dl><br style=\"clear: both\" \/>\n\t\t<\/div>\n\t\t<\/div>\n\t\t\t\t\t\t<\/div>\n\t\t\t\t<\/div>\n\t\t\t\t\t<\/div>\n\t\t<\/div>\n\t\t\t\t\t<\/div>\n\t\t<\/section>\n\t\t\t\t<\/div>\n\t\t","protected":false},"excerpt":{"rendered":"<p>Parki Krajobrazowe to bogactwo przyrody o\u017cywionej i&nbsp; nieo\u017cywionej, cz\u0119sto odwiedzamy te miejsca nie wiedz\u0105c , \u017ce s\u0105 to tereny obj\u0119te ochron\u0105. 14 czerwca&nbsp; uczniowie klasy 4a, 4b, 7a i 6a uczestniczyli w zaj\u0119ciach przyrodniczych prowadzonych przez pracownika O\u015brodka Edukacyjnego ZPKW\u015a w B\u0119dzinie, kt\u00f3ry poprzez prezentacje&nbsp; krajobraz\u00f3w fauny i flory najbli\u017cszej okolicy zach\u0119ca\u0142 uczni\u00f3w do wakacyjnych&hellip;<\/p>\n","protected":false},"author":1,"featured_media":7467,"comment_status":"closed","ping_status":"closed","sticky":false,"template":"","format":"standard","meta":{"footnotes":""},"categories":[1],"tags":[],"class_list":["post-7456","post","type-post","status-publish","format-standard","has-post-thumbnail","hentry","category-uncategorized"],"_links":{"self":[{"href":"https:\/\/www.sp11bedzin.edu.pl\/index.php\/wp-json\/wp\/v2\/posts\/7456","targetHints":{"allow":["GET"]}}],"collection":[{"href":"https:\/\/www.sp11bedzin.edu.pl\/index.php\/wp-json\/wp\/v2\/posts"}],"about":[{"href":"https:\/\/www.sp11bedzin.edu.pl\/index.php\/wp-json\/wp\/v2\/types\/post"}],"author":[{"embeddable":true,"href":"https:\/\/www.sp11bedzin.edu.pl\/index.php\/wp-json\/wp\/v2\/users\/1"}],"replies":[{"embeddable":true,"href":"https:\/\/www.sp11bedzin.edu.pl\/index.php\/wp-json\/wp\/v2\/comments?post=7456"}],"version-history":[{"count":8,"href":"https:\/\/www.sp11bedzin.edu.pl\/index.php\/wp-json\/wp\/v2\/posts\/7456\/revisions"}],"predecessor-version":[{"id":7472,"href":"https:\/\/www.sp11bedzin.edu.pl\/index.php\/wp-json\/wp\/v2\/posts\/7456\/revisions\/7472"}],"wp:featuredmedia":[{"embeddable":true,"href":"https:\/\/www.sp11bedzin.edu.pl\/index.php\/wp-json\/wp\/v2\/media\/7467"}],"wp:attachment":[{"href":"https:\/\/www.sp11bedzin.edu.pl\/index.php\/wp-json\/wp\/v2\/media?parent=7456"}],"wp:term":[{"taxonomy":"category","embeddable":true,"href":"https:\/\/www.sp11bedzin.edu.pl\/index.php\/wp-json\/wp\/v2\/categories?post=7456"},{"taxonomy":"post_tag","embeddable":true,"href":"https:\/\/www.sp11bedzin.edu.pl\/index.php\/wp-json\/wp\/v2\/tags?post=7456"}],"curies":[{"name":"wp","href":"https:\/\/api.w.org\/{rel}","templated":true}]}}