{"id":6268,"date":"2022-03-16T11:51:43","date_gmt":"2022-03-16T11:51:43","guid":{"rendered":"https:\/\/www.sp11bedzin.edu.pl\/?p=6268"},"modified":"2022-03-16T11:52:56","modified_gmt":"2022-03-16T11:52:56","slug":"nagroda-dla-naszej-szkoly-za-udzial-w-konkursie-zolnierze-wykleci-bohaterowie-niezlomni","status":"publish","type":"post","link":"https:\/\/www.sp11bedzin.edu.pl\/index.php\/2022\/03\/16\/nagroda-dla-naszej-szkoly-za-udzial-w-konkursie-zolnierze-wykleci-bohaterowie-niezlomni\/","title":{"rendered":"Nagroda dla naszej szko\u0142y za udzia\u0142 w konkursie &#8222;\u017bo\u0142nierze Wykl\u0119ci. Bohaterowie Niez\u0142omni&#8221;"},"content":{"rendered":"\t\t<div data-elementor-type=\"wp-post\" data-elementor-id=\"6268\" class=\"elementor elementor-6268\">\n\t\t\t\t\t\t<section class=\"elementor-section elementor-top-section elementor-element elementor-element-62162d9 elementor-section-boxed elementor-section-height-default elementor-section-height-default\" data-id=\"62162d9\" data-element_type=\"section\" data-e-type=\"section\">\n\t\t\t\t\t\t<div class=\"elementor-container elementor-column-gap-default\">\n\t\t\t\t\t<div class=\"elementor-column elementor-col-100 elementor-top-column elementor-element elementor-element-657174c\" data-id=\"657174c\" data-element_type=\"column\" data-e-type=\"column\">\n\t\t\t<div class=\"elementor-widget-wrap elementor-element-populated\">\n\t\t\t\t\t\t<div class=\"elementor-element elementor-element-595c049 elementor-widget elementor-widget-text-editor\" data-id=\"595c049\" data-element_type=\"widget\" data-e-type=\"widget\" data-widget_type=\"text-editor.default\">\n\t\t\t\t<div class=\"elementor-widget-container\">\n\t\t\t\t\t\t\t\t\t<p><span style=\"color: #000000;\">12 marca, w Miejskim Domu Kultury w Lubli\u0144cu, odby\u0142a si\u0119 gala podsumowuj\u0105ca tegoroczn\u0105 VII edycj\u0119 Wojew\u00f3dzkiego Konkursu \u201e\u017bo\u0142nierze Wykl\u0119ci. Niez\u0142omni Bohaterowie\u201d. W tegorocznej edycji udzia\u0142 wzi\u0119\u0142o 385 uczni\u00f3w z 61 miast i miasteczek wojew\u00f3dztwa \u015bl\u0105skiego. Gal\u0119 u\u015bwietni\u0142 wyst\u0119p Martyny Zygad\u0142o, finalistki 11 edycji The Voice of Poland oraz koncert \u201eM\u0142odzi Niez\u0142omnym\u201d w wykonaniu uczni\u00f3w i nauczycieli Pa\u0144stwowej Szko\u0142y Muzycznej I st. im. Janiny Gar\u015bci w Lubli\u0144cu.<\/span><\/p><p><span style=\"color: #000000;\">Nasza szko\u0142a otrzyma\u0142a nagrod\u0119 specjaln\u0105 za przys\u0142anie a\u017c 38 prac konkursowych. Dodatkowo dwie nasze uczennice zosta\u0142y otrzyma\u0142y wyr\u00f3\u017cnienie: Natalia Cadrzy\u0144ska z klasy VI A oraz Aleksandra Kozak z klasy VII A. Szkolnym koordynatorem dzia\u0142a\u0144 konkursowych by\u0142 nauczyciel historii \u2013 p. A. Palim\u0105ka.<\/span><\/p><p><span style=\"color: #000000;\">Laureaci i finali\u015bci otrzymali atrakcyjne nagrody ksi\u0105\u017ckowe, nagrody multimedialne m.in. tablety, czytniki e-book\u00f3w, s\u0142uchawki bezprzewodowe, opaski sportowe smartband. Z kolei opiekunowie zwyci\u0119skich prac otrzymali pami\u0105tkowe pi\u00f3ra, teki edukacyjne, a tak\u017ce kolekcjonerskie monety NBP z wizerunkiem \u017bo\u0142nierzy Wykl\u0119tych.<\/span><\/p>\t\t\t\t\t\t\t\t<\/div>\n\t\t\t\t<\/div>\n\t\t\t\t\t<\/div>\n\t\t<\/div>\n\t\t\t\t\t<\/div>\n\t\t<\/section>\n\t\t\t\t<section class=\"elementor-section elementor-top-section elementor-element elementor-element-32ffed4 elementor-section-boxed elementor-section-height-default elementor-section-height-default\" data-id=\"32ffed4\" data-element_type=\"section\" data-e-type=\"section\">\n\t\t\t\t\t\t<div class=\"elementor-container elementor-column-gap-default\">\n\t\t\t\t\t<div class=\"elementor-column elementor-col-100 elementor-top-column elementor-element elementor-element-464f01a\" data-id=\"464f01a\" data-element_type=\"column\" data-e-type=\"column\">\n\t\t\t<div class=\"elementor-widget-wrap elementor-element-populated\">\n\t\t\t\t\t\t<div class=\"elementor-element elementor-element-20908b6 elementor-widget elementor-widget-image-gallery\" data-id=\"20908b6\" data-element_type=\"widget\" data-e-type=\"widget\" data-widget_type=\"image-gallery.default\">\n\t\t\t\t<div class=\"elementor-widget-container\">\n\t\t\t\t\t\t\t<div class=\"elementor-image-gallery\">\n\t\t\t\n\t\t<style type=\"text\/css\">\n\t\t\t#gallery-1 {\n\t\t\t\tmargin: auto;\n\t\t\t}\n\t\t\t#gallery-1 .gallery-item {\n\t\t\t\tfloat: left;\n\t\t\t\tmargin-top: 10px;\n\t\t\t\ttext-align: center;\n\t\t\t\twidth: 25%;\n\t\t\t}\n\t\t\t#gallery-1 img {\n\t\t\t\tborder: 2px solid #cfcfcf;\n\t\t\t}\n\t\t\t#gallery-1 .gallery-caption {\n\t\t\t\tmargin-left: 0;\n\t\t\t}\n\t\t\t\/* see gallery_shortcode() in wp-includes\/media.php *\/\n\t\t<\/style>\n\t\t<div id='gallery-1' class='gallery galleryid-6268 gallery-columns-4 gallery-size-thumbnail'><dl class='gallery-item'>\n\t\t\t<dt class='gallery-icon landscape'>\n\t\t\t\t<a data-elementor-open-lightbox=\"yes\" data-elementor-lightbox-slideshow=\"20908b6\" data-elementor-lightbox-title=\"wykl\u0119ci1\" data-elementor-lightbox-description=\"Zdj\u0119cie przedstawia europose\u0142 p. Wi\u015bniewsk\u0105, g\u0142\u00f3wnego patrona konkursu.\" data-e-action-hash=\"#elementor-action%3Aaction%3Dlightbox%26settings%3DeyJpZCI6NjI0NiwidXJsIjoiaHR0cHM6XC9cL3d3dy5zcDExYmVkemluLmVkdS5wbFwvd3AtY29udGVudFwvdXBsb2Fkc1wvMjAyMlwvMDNcL3d5a2xlY2kxLXNjYWxlZC5qcGciLCJzbGlkZXNob3ciOiIyMDkwOGI2In0%3D\" href='https:\/\/www.sp11bedzin.edu.pl\/wp-content\/uploads\/2022\/03\/wykleci1-scaled.jpg'><img decoding=\"async\" width=\"150\" height=\"150\" src=\"https:\/\/www.sp11bedzin.edu.pl\/wp-content\/uploads\/2022\/03\/wykleci1-150x150.jpg\" class=\"attachment-thumbnail size-thumbnail\" alt=\"\" srcset=\"https:\/\/www.sp11bedzin.edu.pl\/wp-content\/uploads\/2022\/03\/wykleci1-150x150.jpg 150w, https:\/\/www.sp11bedzin.edu.pl\/wp-content\/uploads\/2022\/03\/wykleci1-300x300.jpg 300w\" sizes=\"(max-width: 150px) 100vw, 150px\" \/><\/a>\n\t\t\t<\/dt><\/dl><dl class='gallery-item'>\n\t\t\t<dt class='gallery-icon landscape'>\n\t\t\t\t<a data-elementor-open-lightbox=\"yes\" data-elementor-lightbox-slideshow=\"20908b6\" data-elementor-lightbox-title=\"wykl\u0119ci2\" data-elementor-lightbox-description=\"Na zdj\u0119ciu s\u0105 laureaci oraz wyr\u00f3\u017cnieni w konkursie uczniowie.\" data-e-action-hash=\"#elementor-action%3Aaction%3Dlightbox%26settings%3DeyJpZCI6NjI0NywidXJsIjoiaHR0cHM6XC9cL3d3dy5zcDExYmVkemluLmVkdS5wbFwvd3AtY29udGVudFwvdXBsb2Fkc1wvMjAyMlwvMDNcL3d5a2xlY2kyLXNjYWxlZC5qcGciLCJzbGlkZXNob3ciOiIyMDkwOGI2In0%3D\" href='https:\/\/www.sp11bedzin.edu.pl\/wp-content\/uploads\/2022\/03\/wykleci2-scaled.jpg'><img decoding=\"async\" width=\"150\" height=\"150\" src=\"https:\/\/www.sp11bedzin.edu.pl\/wp-content\/uploads\/2022\/03\/wykleci2-150x150.jpg\" class=\"attachment-thumbnail size-thumbnail\" alt=\"\" srcset=\"https:\/\/www.sp11bedzin.edu.pl\/wp-content\/uploads\/2022\/03\/wykleci2-150x150.jpg 150w, https:\/\/www.sp11bedzin.edu.pl\/wp-content\/uploads\/2022\/03\/wykleci2-300x300.jpg 300w\" sizes=\"(max-width: 150px) 100vw, 150px\" \/><\/a>\n\t\t\t<\/dt><\/dl><dl class='gallery-item'>\n\t\t\t<dt class='gallery-icon landscape'>\n\t\t\t\t<a data-elementor-open-lightbox=\"yes\" data-elementor-lightbox-slideshow=\"20908b6\" data-elementor-lightbox-title=\"wykl\u0119ci3\" data-elementor-lightbox-description=\"Wyst\u0119p artystyczny na gali rozdania nagr\u00f3d.\" data-e-action-hash=\"#elementor-action%3Aaction%3Dlightbox%26settings%3DeyJpZCI6NjI0OCwidXJsIjoiaHR0cHM6XC9cL3d3dy5zcDExYmVkemluLmVkdS5wbFwvd3AtY29udGVudFwvdXBsb2Fkc1wvMjAyMlwvMDNcL3d5a2xlY2kzLXNjYWxlZC5qcGciLCJzbGlkZXNob3ciOiIyMDkwOGI2In0%3D\" href='https:\/\/www.sp11bedzin.edu.pl\/wp-content\/uploads\/2022\/03\/wykleci3-scaled.jpg'><img decoding=\"async\" width=\"150\" height=\"150\" src=\"https:\/\/www.sp11bedzin.edu.pl\/wp-content\/uploads\/2022\/03\/wykleci3-150x150.jpg\" class=\"attachment-thumbnail size-thumbnail\" alt=\"\" srcset=\"https:\/\/www.sp11bedzin.edu.pl\/wp-content\/uploads\/2022\/03\/wykleci3-150x150.jpg 150w, https:\/\/www.sp11bedzin.edu.pl\/wp-content\/uploads\/2022\/03\/wykleci3-300x300.jpg 300w\" sizes=\"(max-width: 150px) 100vw, 150px\" \/><\/a>\n\t\t\t<\/dt><\/dl><dl class='gallery-item'>\n\t\t\t<dt class='gallery-icon landscape'>\n\t\t\t\t<a data-elementor-open-lightbox=\"yes\" data-elementor-lightbox-slideshow=\"20908b6\" data-elementor-lightbox-title=\"wykl\u0119ci4\" data-elementor-lightbox-description=\"Plakat informuj\u0105cy o zaj\u0119tych miejscach przez uczni\u00f3w.\" data-e-action-hash=\"#elementor-action%3Aaction%3Dlightbox%26settings%3DeyJpZCI6NjI0OSwidXJsIjoiaHR0cHM6XC9cL3d3dy5zcDExYmVkemluLmVkdS5wbFwvd3AtY29udGVudFwvdXBsb2Fkc1wvMjAyMlwvMDNcL3d5a2xlY2k0LmpwZWciLCJzbGlkZXNob3ciOiIyMDkwOGI2In0%3D\" href='https:\/\/www.sp11bedzin.edu.pl\/wp-content\/uploads\/2022\/03\/wykleci4.jpeg'><img loading=\"lazy\" decoding=\"async\" width=\"150\" height=\"150\" src=\"https:\/\/www.sp11bedzin.edu.pl\/wp-content\/uploads\/2022\/03\/wykleci4-150x150.jpeg\" class=\"attachment-thumbnail size-thumbnail\" alt=\"\" srcset=\"https:\/\/www.sp11bedzin.edu.pl\/wp-content\/uploads\/2022\/03\/wykleci4-150x150.jpeg 150w, https:\/\/www.sp11bedzin.edu.pl\/wp-content\/uploads\/2022\/03\/wykleci4-300x300.jpeg 300w\" sizes=\"(max-width: 150px) 100vw, 150px\" \/><\/a>\n\t\t\t<\/dt><\/dl><br style=\"clear: both\" \/>\n\t\t<\/div>\n\t\t<\/div>\n\t\t\t\t\t\t<\/div>\n\t\t\t\t<\/div>\n\t\t\t\t\t<\/div>\n\t\t<\/div>\n\t\t\t\t\t<\/div>\n\t\t<\/section>\n\t\t\t\t<\/div>\n\t\t","protected":false},"excerpt":{"rendered":"<p>12 marca, w Miejskim Domu Kultury w Lubli\u0144cu, odby\u0142a si\u0119 gala podsumowuj\u0105ca tegoroczn\u0105 VII edycj\u0119 Wojew\u00f3dzkiego Konkursu \u201e\u017bo\u0142nierze Wykl\u0119ci. Niez\u0142omni Bohaterowie\u201d. W tegorocznej edycji udzia\u0142 wzi\u0119\u0142o 385 uczni\u00f3w z 61 miast i miasteczek wojew\u00f3dztwa \u015bl\u0105skiego. Gal\u0119 u\u015bwietni\u0142 wyst\u0119p Martyny Zygad\u0142o, finalistki 11 edycji The Voice of Poland oraz koncert \u201eM\u0142odzi Niez\u0142omnym\u201d w wykonaniu uczni\u00f3w i&hellip;<\/p>\n","protected":false},"author":1,"featured_media":6247,"comment_status":"closed","ping_status":"closed","sticky":false,"template":"","format":"standard","meta":{"footnotes":""},"categories":[1],"tags":[],"class_list":["post-6268","post","type-post","status-publish","format-standard","has-post-thumbnail","hentry","category-uncategorized"],"_links":{"self":[{"href":"https:\/\/www.sp11bedzin.edu.pl\/index.php\/wp-json\/wp\/v2\/posts\/6268","targetHints":{"allow":["GET"]}}],"collection":[{"href":"https:\/\/www.sp11bedzin.edu.pl\/index.php\/wp-json\/wp\/v2\/posts"}],"about":[{"href":"https:\/\/www.sp11bedzin.edu.pl\/index.php\/wp-json\/wp\/v2\/types\/post"}],"author":[{"embeddable":true,"href":"https:\/\/www.sp11bedzin.edu.pl\/index.php\/wp-json\/wp\/v2\/users\/1"}],"replies":[{"embeddable":true,"href":"https:\/\/www.sp11bedzin.edu.pl\/index.php\/wp-json\/wp\/v2\/comments?post=6268"}],"version-history":[{"count":5,"href":"https:\/\/www.sp11bedzin.edu.pl\/index.php\/wp-json\/wp\/v2\/posts\/6268\/revisions"}],"predecessor-version":[{"id":6273,"href":"https:\/\/www.sp11bedzin.edu.pl\/index.php\/wp-json\/wp\/v2\/posts\/6268\/revisions\/6273"}],"wp:featuredmedia":[{"embeddable":true,"href":"https:\/\/www.sp11bedzin.edu.pl\/index.php\/wp-json\/wp\/v2\/media\/6247"}],"wp:attachment":[{"href":"https:\/\/www.sp11bedzin.edu.pl\/index.php\/wp-json\/wp\/v2\/media?parent=6268"}],"wp:term":[{"taxonomy":"category","embeddable":true,"href":"https:\/\/www.sp11bedzin.edu.pl\/index.php\/wp-json\/wp\/v2\/categories?post=6268"},{"taxonomy":"post_tag","embeddable":true,"href":"https:\/\/www.sp11bedzin.edu.pl\/index.php\/wp-json\/wp\/v2\/tags?post=6268"}],"curies":[{"name":"wp","href":"https:\/\/api.w.org\/{rel}","templated":true}]}}