{"id":6087,"date":"2022-02-04T18:07:00","date_gmt":"2022-02-04T18:07:00","guid":{"rendered":"https:\/\/www.sp11bedzin.edu.pl\/?p=6087"},"modified":"2022-02-10T18:10:31","modified_gmt":"2022-02-10T18:10:31","slug":"miedzynarodowy-dzien-pamieci-ofiar-holokaustu","status":"publish","type":"post","link":"https:\/\/www.sp11bedzin.edu.pl\/index.php\/2022\/02\/04\/miedzynarodowy-dzien-pamieci-ofiar-holokaustu\/","title":{"rendered":"Mi\u0119dzynarodowy Dzie\u0144 Pami\u0119ci Ofiar Holokaustu"},"content":{"rendered":"\t\t<div data-elementor-type=\"wp-post\" data-elementor-id=\"6087\" class=\"elementor elementor-6087\">\n\t\t\t\t\t\t<section class=\"elementor-section elementor-top-section elementor-element elementor-element-11942ac elementor-section-boxed elementor-section-height-default elementor-section-height-default\" data-id=\"11942ac\" data-element_type=\"section\" data-e-type=\"section\">\n\t\t\t\t\t\t<div class=\"elementor-container elementor-column-gap-default\">\n\t\t\t\t\t<div class=\"elementor-column elementor-col-100 elementor-top-column elementor-element elementor-element-d4b79e3\" data-id=\"d4b79e3\" data-element_type=\"column\" data-e-type=\"column\">\n\t\t\t<div class=\"elementor-widget-wrap elementor-element-populated\">\n\t\t\t\t\t\t<div class=\"elementor-element elementor-element-9ec3930 elementor-widget elementor-widget-text-editor\" data-id=\"9ec3930\" data-element_type=\"widget\" data-e-type=\"widget\" data-widget_type=\"text-editor.default\">\n\t\t\t\t<div class=\"elementor-widget-container\">\n\t\t\t\t\t\t\t\t\t<p><span style=\"color: #000000;\">KL Auschwitz \u2013 by\u0142y niemiecki nazistowski ob\u00f3z koncentracyjny i o\u015brodek zag\u0142ady &#8211; sta\u0142 si\u0119 mi\u0119dzynarodowym symbolem. Rocznic\u0119 jego wyzwolenia, 27\u00a0stycznia, Organizacja Narod\u00f3w Zjednoczonych ustanowi\u0142a Mi\u0119dzynarodowym Dniem Pami\u0119ci o Ofiarach Holokaustu. <\/span><\/p><p><br \/><span style=\"color: #000000;\">W naszej szkole od wielu lat tego dnia upami\u0119tniamy wszystkich, kt\u00f3rych dotkn\u0119\u0142a ta tragedia. Tegoroczne szkolne obchody by\u0142y ograniczone z uwagi na zdalne nauczanie. Jednak wszyscy uczniowie z klas VII-VIII na lekcjach historii obejrzeli za pomoc\u0105 MS TEAMS transmisj\u0119 <\/span><span style=\"color: #000000;\">z obchod\u00f3w 77. rocznicy wyzwolenia Niemieckiego Nazistowskiego Obozu Koncentracyjnego i Zag\u0142ady Auschwitz \u2013 poznali kr\u00f3tk\u0105 histori\u0119 obozu oraz wys\u0142uchali wspomnie\u0144 zaproszonych by\u0142ych wi\u0119\u017ani\u00f3w, kt\u00f3rzy prze\u017cyli Holokaust. Do momentu wyzwolenia teren\u00f3w obozowych przez \u017co\u0142nierzy Armii Czerwonej, niemieccy nazi\u015bci zamordowali w Auschwitz ok. 1,1 mln os\u00f3b, g\u0142\u00f3wnie \u017byd\u00f3w. Dodatkowo uczniowie wys\u0142uchali wspomnie\u0144 p. Ireny Wi\u015bniewskiej pt. \u201eSpotka\u0142am doktora Mengele\u201d. Szkolne obchody Mi\u0119dzynarodowego Dnia Pami\u0119ci Ofiar Holokaustu s\u0105 dla uczni\u00f3w klas \u00f3smych przygotowaniem do wizyty edukacyjnej na terenie by\u0142ego obozu w O\u015bwi\u0119cimiu.<\/span><\/p>\t\t\t\t\t\t\t\t<\/div>\n\t\t\t\t<\/div>\n\t\t\t\t<div class=\"elementor-element elementor-element-d346023 elementor-widget elementor-widget-image\" data-id=\"d346023\" data-element_type=\"widget\" data-e-type=\"widget\" data-widget_type=\"image.default\">\n\t\t\t\t<div class=\"elementor-widget-container\">\n\t\t\t\t\t\t\t\t\t\t\t\t\t\t\t<img fetchpriority=\"high\" decoding=\"async\" width=\"300\" height=\"188\" src=\"https:\/\/www.sp11bedzin.edu.pl\/wp-content\/uploads\/2022\/02\/holokaust-03-300x188.png\" class=\"attachment-medium size-medium wp-image-6091\" alt=\"\" srcset=\"https:\/\/www.sp11bedzin.edu.pl\/wp-content\/uploads\/2022\/02\/holokaust-03-300x188.png 300w, https:\/\/www.sp11bedzin.edu.pl\/wp-content\/uploads\/2022\/02\/holokaust-03-1024x640.png 1024w, https:\/\/www.sp11bedzin.edu.pl\/wp-content\/uploads\/2022\/02\/holokaust-03-768x480.png 768w, https:\/\/www.sp11bedzin.edu.pl\/wp-content\/uploads\/2022\/02\/holokaust-03-1536x960.png 1536w, https:\/\/www.sp11bedzin.edu.pl\/wp-content\/uploads\/2022\/02\/holokaust-03-2048x1280.png 2048w\" sizes=\"(max-width: 300px) 100vw, 300px\" \/>\t\t\t\t\t\t\t\t\t\t\t\t\t\t\t<\/div>\n\t\t\t\t<\/div>\n\t\t\t\t<div class=\"elementor-element elementor-element-79e69fb elementor-widget elementor-widget-image\" data-id=\"79e69fb\" data-element_type=\"widget\" data-e-type=\"widget\" data-widget_type=\"image.default\">\n\t\t\t\t<div class=\"elementor-widget-container\">\n\t\t\t\t\t\t\t\t\t\t\t\t\t\t\t<img decoding=\"async\" width=\"300\" height=\"188\" src=\"https:\/\/www.sp11bedzin.edu.pl\/wp-content\/uploads\/2022\/02\/holokaust-02.-300x188.png\" class=\"attachment-medium size-medium wp-image-6090\" alt=\"\" srcset=\"https:\/\/www.sp11bedzin.edu.pl\/wp-content\/uploads\/2022\/02\/holokaust-02.-300x188.png 300w, https:\/\/www.sp11bedzin.edu.pl\/wp-content\/uploads\/2022\/02\/holokaust-02.-1024x640.png 1024w, https:\/\/www.sp11bedzin.edu.pl\/wp-content\/uploads\/2022\/02\/holokaust-02.-768x480.png 768w, https:\/\/www.sp11bedzin.edu.pl\/wp-content\/uploads\/2022\/02\/holokaust-02.-1536x960.png 1536w, https:\/\/www.sp11bedzin.edu.pl\/wp-content\/uploads\/2022\/02\/holokaust-02.-2048x1280.png 2048w\" sizes=\"(max-width: 300px) 100vw, 300px\" \/>\t\t\t\t\t\t\t\t\t\t\t\t\t\t\t<\/div>\n\t\t\t\t<\/div>\n\t\t\t\t<div class=\"elementor-element elementor-element-60e1151 elementor-widget elementor-widget-image\" data-id=\"60e1151\" data-element_type=\"widget\" data-e-type=\"widget\" data-widget_type=\"image.default\">\n\t\t\t\t<div class=\"elementor-widget-container\">\n\t\t\t\t\t\t\t\t\t\t\t\t\t\t\t<img decoding=\"async\" width=\"300\" height=\"188\" src=\"https:\/\/www.sp11bedzin.edu.pl\/wp-content\/uploads\/2022\/02\/holokaust-01.-300x188.png\" class=\"attachment-medium size-medium wp-image-6089\" alt=\"\" srcset=\"https:\/\/www.sp11bedzin.edu.pl\/wp-content\/uploads\/2022\/02\/holokaust-01.-300x188.png 300w, https:\/\/www.sp11bedzin.edu.pl\/wp-content\/uploads\/2022\/02\/holokaust-01.-1024x640.png 1024w, https:\/\/www.sp11bedzin.edu.pl\/wp-content\/uploads\/2022\/02\/holokaust-01.-768x480.png 768w, https:\/\/www.sp11bedzin.edu.pl\/wp-content\/uploads\/2022\/02\/holokaust-01.-1536x960.png 1536w, https:\/\/www.sp11bedzin.edu.pl\/wp-content\/uploads\/2022\/02\/holokaust-01.-2048x1280.png 2048w\" sizes=\"(max-width: 300px) 100vw, 300px\" \/>\t\t\t\t\t\t\t\t\t\t\t\t\t\t\t<\/div>\n\t\t\t\t<\/div>\n\t\t\t\t\t<\/div>\n\t\t<\/div>\n\t\t\t\t\t<\/div>\n\t\t<\/section>\n\t\t\t\t<\/div>\n\t\t","protected":false},"excerpt":{"rendered":"<p>KL Auschwitz \u2013 by\u0142y niemiecki nazistowski ob\u00f3z koncentracyjny i o\u015brodek zag\u0142ady &#8211; sta\u0142 si\u0119 mi\u0119dzynarodowym symbolem. Rocznic\u0119 jego wyzwolenia, 27\u00a0stycznia, Organizacja Narod\u00f3w Zjednoczonych ustanowi\u0142a Mi\u0119dzynarodowym Dniem Pami\u0119ci o Ofiarach Holokaustu. W naszej szkole od wielu lat tego dnia upami\u0119tniamy wszystkich, kt\u00f3rych dotkn\u0119\u0142a ta tragedia. Tegoroczne szkolne obchody by\u0142y ograniczone z uwagi na zdalne nauczanie. Jednak&hellip;<\/p>\n","protected":false},"author":1,"featured_media":6089,"comment_status":"closed","ping_status":"closed","sticky":false,"template":"","format":"standard","meta":{"footnotes":""},"categories":[1],"tags":[],"class_list":["post-6087","post","type-post","status-publish","format-standard","has-post-thumbnail","hentry","category-uncategorized"],"_links":{"self":[{"href":"https:\/\/www.sp11bedzin.edu.pl\/index.php\/wp-json\/wp\/v2\/posts\/6087","targetHints":{"allow":["GET"]}}],"collection":[{"href":"https:\/\/www.sp11bedzin.edu.pl\/index.php\/wp-json\/wp\/v2\/posts"}],"about":[{"href":"https:\/\/www.sp11bedzin.edu.pl\/index.php\/wp-json\/wp\/v2\/types\/post"}],"author":[{"embeddable":true,"href":"https:\/\/www.sp11bedzin.edu.pl\/index.php\/wp-json\/wp\/v2\/users\/1"}],"replies":[{"embeddable":true,"href":"https:\/\/www.sp11bedzin.edu.pl\/index.php\/wp-json\/wp\/v2\/comments?post=6087"}],"version-history":[{"count":9,"href":"https:\/\/www.sp11bedzin.edu.pl\/index.php\/wp-json\/wp\/v2\/posts\/6087\/revisions"}],"predecessor-version":[{"id":9709,"href":"https:\/\/www.sp11bedzin.edu.pl\/index.php\/wp-json\/wp\/v2\/posts\/6087\/revisions\/9709"}],"wp:featuredmedia":[{"embeddable":true,"href":"https:\/\/www.sp11bedzin.edu.pl\/index.php\/wp-json\/wp\/v2\/media\/6089"}],"wp:attachment":[{"href":"https:\/\/www.sp11bedzin.edu.pl\/index.php\/wp-json\/wp\/v2\/media?parent=6087"}],"wp:term":[{"taxonomy":"category","embeddable":true,"href":"https:\/\/www.sp11bedzin.edu.pl\/index.php\/wp-json\/wp\/v2\/categories?post=6087"},{"taxonomy":"post_tag","embeddable":true,"href":"https:\/\/www.sp11bedzin.edu.pl\/index.php\/wp-json\/wp\/v2\/tags?post=6087"}],"curies":[{"name":"wp","href":"https:\/\/api.w.org\/{rel}","templated":true}]}}