{"id":5430,"date":"2021-12-01T20:59:23","date_gmt":"2021-12-01T20:59:23","guid":{"rendered":"https:\/\/www.sp11bedzin.edu.pl\/?p=5430"},"modified":"2021-12-01T21:01:11","modified_gmt":"2021-12-01T21:01:11","slug":"paczuszka-dla-maluszka","status":"publish","type":"post","link":"https:\/\/www.sp11bedzin.edu.pl\/index.php\/2021\/12\/01\/paczuszka-dla-maluszka\/","title":{"rendered":"Paczuszka dla Maluszka"},"content":{"rendered":"\t\t<div data-elementor-type=\"wp-post\" data-elementor-id=\"5430\" class=\"elementor elementor-5430\">\n\t\t\t\t\t\t<section class=\"elementor-section elementor-top-section elementor-element elementor-element-8b1d7cf elementor-section-boxed elementor-section-height-default elementor-section-height-default\" data-id=\"8b1d7cf\" data-element_type=\"section\" data-e-type=\"section\">\n\t\t\t\t\t\t<div class=\"elementor-container elementor-column-gap-default\">\n\t\t\t\t\t<div class=\"elementor-column elementor-col-100 elementor-top-column elementor-element elementor-element-4d95ede\" data-id=\"4d95ede\" data-element_type=\"column\" data-e-type=\"column\">\n\t\t\t<div class=\"elementor-widget-wrap elementor-element-populated\">\n\t\t\t\t\t\t<div class=\"elementor-element elementor-element-aed39ad elementor-widget elementor-widget-text-editor\" data-id=\"aed39ad\" data-element_type=\"widget\" data-e-type=\"widget\" data-widget_type=\"text-editor.default\">\n\t\t\t\t<div class=\"elementor-widget-container\">\n\t\t\t\t\t\t\t\t\t<p><span style=\"color: #000000;\">Szanowni Rodzice i Uczniowie!<\/span><\/p><p><span style=\"color: #000000;\">\u00a0Dyrektor szko\u0142y serdecznie zach\u0119ca do udzia\u0142u w<strong> akcji &#8222;Paczuszka dla Maluszka&#8221;.<\/strong> Od 29 listopada br. w Urz\u0119dzie Miasta mo\u017cna pozostawi\u0107 paczuszk\u0119 pod choink\u0105 udekorowan\u0105 w niebieskie bombki (parter przy &#8222;okienku&#8221; Wydzia\u0142u ewidencji ludno\u015bci).<\/span><\/p><p><span style=\"color: #000000;\">W paczce mog\u0105 znale\u017a\u0107 si\u0119 artyku\u0142y higieniczne dla dzieciaczk\u00f3w takie jak:<\/span><\/p><p><span style=\"color: #000000;\">proszki, oliwki, p\u0142yny do mycia, szampony dla dzieci, pieluchy, myd\u0142a, pieluchy tetrowe i flanelowe, akcesoria do piel\u0119gnacji niemowl\u0105t, termometry, \u015bliniaczki, ale tak\u017ce mleka modyfikowane, kaszki czy \u017cywno\u015b\u0107 dla niemowl\u0105t w s\u0142oiczkach &#8211; wszystkie rzeczy musz\u0105 by\u0107 nowe. Zar\u00f3wno przez wzgl\u0105d na wymogi sanitarno-epidemiologiczne jak i na to, \u017ce paczuszki b\u0119d\u0105 przekazywane w formie prezent\u00f3w.<\/span><\/p><p><span style=\"color: #000000;\">Po zako\u0144czonej akcji wszystkie paczuszki zostan\u0105 przekazane do instytucji, kt\u00f3re opiekuj\u0105 si\u0119 maluszkami.<\/span><\/p>\t\t\t\t\t\t\t\t<\/div>\n\t\t\t\t<\/div>\n\t\t\t\t<div class=\"elementor-element elementor-element-1bc0720 elementor-widget elementor-widget-image\" data-id=\"1bc0720\" data-element_type=\"widget\" data-e-type=\"widget\" data-widget_type=\"image.default\">\n\t\t\t\t<div class=\"elementor-widget-container\">\n\t\t\t\t\t\t\t\t\t\t\t\t\t\t\t<img fetchpriority=\"high\" decoding=\"async\" width=\"724\" height=\"1024\" src=\"https:\/\/www.sp11bedzin.edu.pl\/wp-content\/uploads\/2021\/12\/plakat-Paczuszka-dla-Maluszka-724x1024.jpg\" class=\"attachment-large size-large wp-image-5435\" alt=\"\" srcset=\"https:\/\/www.sp11bedzin.edu.pl\/wp-content\/uploads\/2021\/12\/plakat-Paczuszka-dla-Maluszka-724x1024.jpg 724w, https:\/\/www.sp11bedzin.edu.pl\/wp-content\/uploads\/2021\/12\/plakat-Paczuszka-dla-Maluszka-212x300.jpg 212w, https:\/\/www.sp11bedzin.edu.pl\/wp-content\/uploads\/2021\/12\/plakat-Paczuszka-dla-Maluszka-768x1086.jpg 768w, https:\/\/www.sp11bedzin.edu.pl\/wp-content\/uploads\/2021\/12\/plakat-Paczuszka-dla-Maluszka-1086x1536.jpg 1086w, https:\/\/www.sp11bedzin.edu.pl\/wp-content\/uploads\/2021\/12\/plakat-Paczuszka-dla-Maluszka.jpg 1448w\" sizes=\"(max-width: 724px) 100vw, 724px\" \/>\t\t\t\t\t\t\t\t\t\t\t\t\t\t\t<\/div>\n\t\t\t\t<\/div>\n\t\t\t\t\t<\/div>\n\t\t<\/div>\n\t\t\t\t\t<\/div>\n\t\t<\/section>\n\t\t\t\t<\/div>\n\t\t","protected":false},"excerpt":{"rendered":"<p>Szanowni Rodzice i Uczniowie! &nbsp;Dyrektor szko\u0142y serdecznie zach\u0119ca do udzia\u0142u w akcji &#8222;Paczuszka dla Maluszka&#8221;. Od 29 listopada br. w Urz\u0119dzie Miasta mo\u017cna pozostawi\u0107 paczuszk\u0119 pod choink\u0105 udekorowan\u0105 w niebieskie bombki (parter przy &#8222;okienku&#8221; Wydzia\u0142u ewidencji ludno\u015bci). W paczce mog\u0105 znale\u017a\u0107 si\u0119 artyku\u0142y higieniczne dla dzieciaczk\u00f3w takie jak: proszki, oliwki, p\u0142yny do mycia, szampony dla&hellip;<\/p>\n","protected":false},"author":1,"featured_media":5435,"comment_status":"closed","ping_status":"closed","sticky":false,"template":"","format":"standard","meta":{"footnotes":""},"categories":[1],"tags":[],"class_list":["post-5430","post","type-post","status-publish","format-standard","has-post-thumbnail","hentry","category-uncategorized"],"_links":{"self":[{"href":"https:\/\/www.sp11bedzin.edu.pl\/index.php\/wp-json\/wp\/v2\/posts\/5430","targetHints":{"allow":["GET"]}}],"collection":[{"href":"https:\/\/www.sp11bedzin.edu.pl\/index.php\/wp-json\/wp\/v2\/posts"}],"about":[{"href":"https:\/\/www.sp11bedzin.edu.pl\/index.php\/wp-json\/wp\/v2\/types\/post"}],"author":[{"embeddable":true,"href":"https:\/\/www.sp11bedzin.edu.pl\/index.php\/wp-json\/wp\/v2\/users\/1"}],"replies":[{"embeddable":true,"href":"https:\/\/www.sp11bedzin.edu.pl\/index.php\/wp-json\/wp\/v2\/comments?post=5430"}],"version-history":[{"count":8,"href":"https:\/\/www.sp11bedzin.edu.pl\/index.php\/wp-json\/wp\/v2\/posts\/5430\/revisions"}],"predecessor-version":[{"id":5439,"href":"https:\/\/www.sp11bedzin.edu.pl\/index.php\/wp-json\/wp\/v2\/posts\/5430\/revisions\/5439"}],"wp:featuredmedia":[{"embeddable":true,"href":"https:\/\/www.sp11bedzin.edu.pl\/index.php\/wp-json\/wp\/v2\/media\/5435"}],"wp:attachment":[{"href":"https:\/\/www.sp11bedzin.edu.pl\/index.php\/wp-json\/wp\/v2\/media?parent=5430"}],"wp:term":[{"taxonomy":"category","embeddable":true,"href":"https:\/\/www.sp11bedzin.edu.pl\/index.php\/wp-json\/wp\/v2\/categories?post=5430"},{"taxonomy":"post_tag","embeddable":true,"href":"https:\/\/www.sp11bedzin.edu.pl\/index.php\/wp-json\/wp\/v2\/tags?post=5430"}],"curies":[{"name":"wp","href":"https:\/\/api.w.org\/{rel}","templated":true}]}}