{"id":4256,"date":"2021-08-30T08:13:08","date_gmt":"2021-08-30T08:13:08","guid":{"rendered":"https:\/\/www.sp11bedzin.edu.pl\/?p=4256"},"modified":"2021-08-30T08:23:33","modified_gmt":"2021-08-30T08:23:33","slug":"rozpoczecie-roku-szkolnego","status":"publish","type":"post","link":"https:\/\/www.sp11bedzin.edu.pl\/index.php\/2021\/08\/30\/rozpoczecie-roku-szkolnego\/","title":{"rendered":"ROZPOCZ\u0118CIE ROKU SZKOLNEGO"},"content":{"rendered":"\t\t<div data-elementor-type=\"wp-post\" data-elementor-id=\"4256\" class=\"elementor elementor-4256\">\n\t\t\t\t\t\t<section class=\"elementor-section elementor-top-section elementor-element elementor-element-7dbf5da elementor-section-boxed elementor-section-height-default elementor-section-height-default\" data-id=\"7dbf5da\" data-element_type=\"section\" data-e-type=\"section\">\n\t\t\t\t\t\t<div class=\"elementor-container elementor-column-gap-default\">\n\t\t\t\t\t<div class=\"elementor-column elementor-col-100 elementor-top-column elementor-element elementor-element-1eaa356\" data-id=\"1eaa356\" data-element_type=\"column\" data-e-type=\"column\">\n\t\t\t<div class=\"elementor-widget-wrap elementor-element-populated\">\n\t\t\t\t\t\t<div class=\"elementor-element elementor-element-b9c128a elementor-widget elementor-widget-image\" data-id=\"b9c128a\" data-element_type=\"widget\" data-e-type=\"widget\" data-widget_type=\"image.default\">\n\t\t\t\t<div class=\"elementor-widget-container\">\n\t\t\t\t\t\t\t\t\t\t\t\t\t\t\t<img fetchpriority=\"high\" decoding=\"async\" width=\"515\" height=\"360\" src=\"https:\/\/www.sp11bedzin.edu.pl\/wp-content\/uploads\/2021\/08\/rys-1.png\" class=\"attachment-large size-large wp-image-4275\" alt=\"\" srcset=\"https:\/\/www.sp11bedzin.edu.pl\/wp-content\/uploads\/2021\/08\/rys-1.png 515w, https:\/\/www.sp11bedzin.edu.pl\/wp-content\/uploads\/2021\/08\/rys-1-300x210.png 300w\" sizes=\"(max-width: 515px) 100vw, 515px\" \/>\t\t\t\t\t\t\t\t\t\t\t\t\t\t\t<\/div>\n\t\t\t\t<\/div>\n\t\t\t\t<div class=\"elementor-element elementor-element-4e74825 elementor-widget elementor-widget-text-editor\" data-id=\"4e74825\" data-element_type=\"widget\" data-e-type=\"widget\" data-widget_type=\"text-editor.default\">\n\t\t\t\t<div class=\"elementor-widget-container\">\n\t\t\t\t\t\t\t\t\t<h3 style=\"text-align: center;\"><span style=\"color: #000000;\"><strong>Zapraszamy 1 wrze\u015bnia 2021<\/strong><\/span><\/h3><h3 style=\"text-align: center;\"><span style=\"color: #000000;\">na rozpocz\u0119cie roku szkolnego 2021\/2022<\/span><\/h3><h3>\u00a0<\/h3><h3><span style=\"color: #000000;\"><strong>klasy I \u2013 godz. 10.00,<\/strong> sala gimnastyczna, <span style=\"font-weight: normal;\">w uroczysto\u015bci mo\u017ce uczestniczy\u0107 jeden rodzic ucznia<\/span><\/span><\/h3><h3><span style=\"color: #000000;\"><strong>klasy II \u2013 III \u2013 godz. 9.00<\/strong>, <span style=\"font-weight: normal;\">spotkanie z wychowawc\u0105 klasy (2 godziny lekcyjne)<\/span><\/span><\/h3><h3><span style=\"color: #000000;\"><strong>klasy IV \u2013 VI \u2013 godz. 8.30<\/strong>, <span style=\"font-weight: normal;\">spotkanie z wychowawc\u0105 klasy<\/span><\/span><\/h3><h3><span style=\"color: #000000; font-weight: normal;\">(2 godziny lekcyjne)<\/span><\/h3><h3><span style=\"color: #000000;\"><strong>klasy VII \u2013 VIII \u2013 godz. 8.00<\/strong>, <span style=\"font-weight: normal;\">spotkanie z wychowawc\u0105 klasy<\/span><\/span><\/h3><h3><span style=\"color: #000000; font-weight: normal;\">(2 godziny lekcyjne)<\/span><\/h3><h3>\u00a0<\/h3><h3><span style=\"color: #000000;\">W czasie pobytu w szkole obowi\u0105zuj\u0105 zasady re\u017cimu sanitarnego:<\/span><\/h3><ul><li><h3><span style=\"color: #000000; font-weight: normal;\">dezynfekcja r\u0105k przy wej\u015bciu do budynku szko\u0142y,<\/span><\/h3><\/li><li><h3><span style=\"color: #000000; font-weight: normal;\">dystans spo\u0142eczny do 1,5 m<\/span><\/h3><\/li><li><h3><span style=\"color: #000000; font-weight: normal;\">zas\u0142anianie ust i nosa maseczk\u0105 w przestrzeniach wsp\u00f3lnych<\/span><\/h3><\/li><\/ul><h3>\u00a0<\/h3>\t\t\t\t\t\t\t\t<\/div>\n\t\t\t\t<\/div>\n\t\t\t\t\t<\/div>\n\t\t<\/div>\n\t\t\t\t\t<\/div>\n\t\t<\/section>\n\t\t\t\t<\/div>\n\t\t","protected":false},"excerpt":{"rendered":"<p>Zapraszamy 1 wrze\u015bnia 2021 na rozpocz\u0119cie roku szkolnego 2021\/2022 &nbsp; klasy I \u2013 godz. 10.00, sala gimnastyczna, w uroczysto\u015bci mo\u017ce uczestniczy\u0107 jeden rodzic ucznia klasy II \u2013 III \u2013 godz. 9.00, spotkanie z wychowawc\u0105 klasy (2 godziny lekcyjne) klasy IV \u2013 VI \u2013 godz. 8.30, spotkanie z wychowawc\u0105 klasy (2 godziny lekcyjne) klasy VII \u2013&hellip;<\/p>\n","protected":false},"author":1,"featured_media":4273,"comment_status":"closed","ping_status":"closed","sticky":false,"template":"","format":"standard","meta":{"footnotes":""},"categories":[1],"tags":[],"class_list":["post-4256","post","type-post","status-publish","format-standard","has-post-thumbnail","hentry","category-uncategorized"],"_links":{"self":[{"href":"https:\/\/www.sp11bedzin.edu.pl\/index.php\/wp-json\/wp\/v2\/posts\/4256","targetHints":{"allow":["GET"]}}],"collection":[{"href":"https:\/\/www.sp11bedzin.edu.pl\/index.php\/wp-json\/wp\/v2\/posts"}],"about":[{"href":"https:\/\/www.sp11bedzin.edu.pl\/index.php\/wp-json\/wp\/v2\/types\/post"}],"author":[{"embeddable":true,"href":"https:\/\/www.sp11bedzin.edu.pl\/index.php\/wp-json\/wp\/v2\/users\/1"}],"replies":[{"embeddable":true,"href":"https:\/\/www.sp11bedzin.edu.pl\/index.php\/wp-json\/wp\/v2\/comments?post=4256"}],"version-history":[{"count":20,"href":"https:\/\/www.sp11bedzin.edu.pl\/index.php\/wp-json\/wp\/v2\/posts\/4256\/revisions"}],"predecessor-version":[{"id":4280,"href":"https:\/\/www.sp11bedzin.edu.pl\/index.php\/wp-json\/wp\/v2\/posts\/4256\/revisions\/4280"}],"wp:featuredmedia":[{"embeddable":true,"href":"https:\/\/www.sp11bedzin.edu.pl\/index.php\/wp-json\/wp\/v2\/media\/4273"}],"wp:attachment":[{"href":"https:\/\/www.sp11bedzin.edu.pl\/index.php\/wp-json\/wp\/v2\/media?parent=4256"}],"wp:term":[{"taxonomy":"category","embeddable":true,"href":"https:\/\/www.sp11bedzin.edu.pl\/index.php\/wp-json\/wp\/v2\/categories?post=4256"},{"taxonomy":"post_tag","embeddable":true,"href":"https:\/\/www.sp11bedzin.edu.pl\/index.php\/wp-json\/wp\/v2\/tags?post=4256"}],"curies":[{"name":"wp","href":"https:\/\/api.w.org\/{rel}","templated":true}]}}