{"id":3859,"date":"2021-05-26T20:28:00","date_gmt":"2021-05-26T20:28:00","guid":{"rendered":"https:\/\/www.sp11bedzin.edu.pl\/?p=3859"},"modified":"2021-05-27T20:34:38","modified_gmt":"2021-05-27T20:34:38","slug":"swiatowy-dzien-pszczol","status":"publish","type":"post","link":"https:\/\/www.sp11bedzin.edu.pl\/index.php\/2021\/05\/26\/swiatowy-dzien-pszczol\/","title":{"rendered":"\u015awiatowy Dzie\u0144 Pszcz\u00f3\u0142"},"content":{"rendered":"\t\t<div data-elementor-type=\"wp-post\" data-elementor-id=\"3859\" class=\"elementor elementor-3859\">\n\t\t\t\t\t\t<section class=\"elementor-section elementor-top-section elementor-element elementor-element-080f5eb elementor-section-boxed elementor-section-height-default elementor-section-height-default\" data-id=\"080f5eb\" data-element_type=\"section\" data-e-type=\"section\">\n\t\t\t\t\t\t<div class=\"elementor-container elementor-column-gap-default\">\n\t\t\t\t\t<div class=\"elementor-column elementor-col-100 elementor-top-column elementor-element elementor-element-0dfd095\" data-id=\"0dfd095\" data-element_type=\"column\" data-e-type=\"column\">\n\t\t\t<div class=\"elementor-widget-wrap elementor-element-populated\">\n\t\t\t\t\t\t<div class=\"elementor-element elementor-element-05cf583 elementor-widget elementor-widget-text-editor\" data-id=\"05cf583\" data-element_type=\"widget\" data-e-type=\"widget\" data-widget_type=\"text-editor.default\">\n\t\t\t\t<div class=\"elementor-widget-container\">\n\t\t\t\t\t\t\t\t\t<p><span style=\"color: #000000;\"><em>20 maja obchodzimy \u015awiatowy Dzie\u0144 Pszcz\u00f3\u0142, ustanowiony przez ONZ z inicjatywy S\u0142owenii. Celem jest podkre\u015blenie znaczenia pszcz\u00f3\u0142 dla pozyskiwania \u017cywno\u015bci i zwr\u00f3cenie uwagi na zagro\u017cenia dla tych owad\u00f3w. R\u00f3wnie\u017c uczniowie naszej szko\u0142y w ramach akcji &#8222;Ratujemy pszczo\u0142y&#8221; 20 maja \u015bwi\u0119towali wraz z pszczo\u0142ami na ca\u0142ym \u015bwiecie. M\u0142odsze klasy bra\u0142y udzia\u0142 w zaj\u0119ciach przybli\u017caj\u0105cych im rol\u0119 pszcz\u00f3\u0142, po\u0142\u0105czone z wykonywaniem prac plastycznych, czy przebieraniem si\u0119. Klasy starsze w ramach godziny wychowawczej mia\u0142y pogadanki po\u015bwi\u0119cone roli i miejscu pszczo\u0142y w ekosystemie oraz \u017cyciu cz\u0142owieka.<\/em><\/span><\/p>\t\t\t\t\t\t\t\t<\/div>\n\t\t\t\t<\/div>\n\t\t\t\t\t<\/div>\n\t\t<\/div>\n\t\t\t\t\t<\/div>\n\t\t<\/section>\n\t\t\t\t<section class=\"elementor-section elementor-top-section elementor-element elementor-element-f38dd43 elementor-section-boxed elementor-section-height-default elementor-section-height-default\" data-id=\"f38dd43\" data-element_type=\"section\" data-e-type=\"section\">\n\t\t\t\t\t\t<div class=\"elementor-container elementor-column-gap-default\">\n\t\t\t\t\t<div class=\"elementor-column elementor-col-100 elementor-top-column elementor-element elementor-element-05542fe\" data-id=\"05542fe\" data-element_type=\"column\" data-e-type=\"column\">\n\t\t\t<div class=\"elementor-widget-wrap elementor-element-populated\">\n\t\t\t\t\t\t<div class=\"elementor-element elementor-element-5a6febd elementor-widget elementor-widget-image-gallery\" data-id=\"5a6febd\" data-element_type=\"widget\" data-e-type=\"widget\" data-widget_type=\"image-gallery.default\">\n\t\t\t\t<div class=\"elementor-widget-container\">\n\t\t\t\t\t\t\t<div class=\"elementor-image-gallery\">\n\t\t\t\n\t\t<style type=\"text\/css\">\n\t\t\t#gallery-1 {\n\t\t\t\tmargin: auto;\n\t\t\t}\n\t\t\t#gallery-1 .gallery-item {\n\t\t\t\tfloat: left;\n\t\t\t\tmargin-top: 10px;\n\t\t\t\ttext-align: center;\n\t\t\t\twidth: 25%;\n\t\t\t}\n\t\t\t#gallery-1 img {\n\t\t\t\tborder: 2px solid #cfcfcf;\n\t\t\t}\n\t\t\t#gallery-1 .gallery-caption {\n\t\t\t\tmargin-left: 0;\n\t\t\t}\n\t\t\t\/* see gallery_shortcode() in wp-includes\/media.php *\/\n\t\t<\/style>\n\t\t<div id='gallery-1' class='gallery galleryid-3859 gallery-columns-4 gallery-size-thumbnail'><dl class='gallery-item'>\n\t\t\t<dt class='gallery-icon landscape'>\n\t\t\t\t<a data-elementor-open-lightbox=\"yes\" data-elementor-lightbox-slideshow=\"5a6febd\" data-elementor-lightbox-title=\"p1\" data-elementor-lightbox-description=\"Zdj\u0119cie przedstawia dzieci przebrane za pszczo\u0142y\" data-e-action-hash=\"#elementor-action%3Aaction%3Dlightbox%26settings%3DeyJpZCI6Mzg2MSwidXJsIjoiaHR0cHM6XC9cL3d3dy5zcDExYmVkemluLmVkdS5wbFwvd3AtY29udGVudFwvdXBsb2Fkc1wvMjAyMVwvMDVcL3AxLXNjYWxlZC5qcGciLCJzbGlkZXNob3ciOiI1YTZmZWJkIn0%3D\" href='https:\/\/www.sp11bedzin.edu.pl\/wp-content\/uploads\/2021\/05\/p1-scaled.jpg'><img decoding=\"async\" width=\"150\" height=\"150\" src=\"https:\/\/www.sp11bedzin.edu.pl\/wp-content\/uploads\/2021\/05\/p1-150x150.jpg\" class=\"attachment-thumbnail size-thumbnail\" alt=\"\u015awiatowy Dzie\u0144 Pszcz\u00f3\u0142\" srcset=\"https:\/\/www.sp11bedzin.edu.pl\/wp-content\/uploads\/2021\/05\/p1-150x150.jpg 150w, https:\/\/www.sp11bedzin.edu.pl\/wp-content\/uploads\/2021\/05\/p1-300x300.jpg 300w\" sizes=\"(max-width: 150px) 100vw, 150px\" \/><\/a>\n\t\t\t<\/dt><\/dl><dl class='gallery-item'>\n\t\t\t<dt class='gallery-icon portrait'>\n\t\t\t\t<a data-elementor-open-lightbox=\"yes\" data-elementor-lightbox-slideshow=\"5a6febd\" data-elementor-lightbox-title=\"\u015awiatowy Dzie\u0144 Pszcz\u00f3\u0142\" data-elementor-lightbox-description=\"Zdj\u0119cie przedstawia dzieci przebrane za pszczo\u0142y\" data-e-action-hash=\"#elementor-action%3Aaction%3Dlightbox%26settings%3DeyJpZCI6Mzg2MywidXJsIjoiaHR0cHM6XC9cL3d3dy5zcDExYmVkemluLmVkdS5wbFwvd3AtY29udGVudFwvdXBsb2Fkc1wvMjAyMVwvMDVcL3AzLXNjYWxlZC5qcGciLCJzbGlkZXNob3ciOiI1YTZmZWJkIn0%3D\" href='https:\/\/www.sp11bedzin.edu.pl\/wp-content\/uploads\/2021\/05\/p3-scaled.jpg'><img decoding=\"async\" width=\"150\" height=\"150\" src=\"https:\/\/www.sp11bedzin.edu.pl\/wp-content\/uploads\/2021\/05\/p3-150x150.jpg\" class=\"attachment-thumbnail size-thumbnail\" alt=\"\" srcset=\"https:\/\/www.sp11bedzin.edu.pl\/wp-content\/uploads\/2021\/05\/p3-150x150.jpg 150w, https:\/\/www.sp11bedzin.edu.pl\/wp-content\/uploads\/2021\/05\/p3-300x300.jpg 300w\" sizes=\"(max-width: 150px) 100vw, 150px\" \/><\/a>\n\t\t\t<\/dt><\/dl><dl class='gallery-item'>\n\t\t\t<dt class='gallery-icon portrait'>\n\t\t\t\t<a data-elementor-open-lightbox=\"yes\" data-elementor-lightbox-slideshow=\"5a6febd\" data-elementor-lightbox-title=\"\u015awiatowy Dzie\u0144 Pszcz\u00f3\u0142\" data-elementor-lightbox-description=\"Zdj\u0119cie przedstawia dzieci przebrane za pszczo\u0142y\" data-e-action-hash=\"#elementor-action%3Aaction%3Dlightbox%26settings%3DeyJpZCI6Mzg2NCwidXJsIjoiaHR0cHM6XC9cL3d3dy5zcDExYmVkemluLmVkdS5wbFwvd3AtY29udGVudFwvdXBsb2Fkc1wvMjAyMVwvMDVcL3A0LXNjYWxlZC5qcGciLCJzbGlkZXNob3ciOiI1YTZmZWJkIn0%3D\" href='https:\/\/www.sp11bedzin.edu.pl\/wp-content\/uploads\/2021\/05\/p4-scaled.jpg'><img decoding=\"async\" width=\"150\" height=\"150\" src=\"https:\/\/www.sp11bedzin.edu.pl\/wp-content\/uploads\/2021\/05\/p4-150x150.jpg\" class=\"attachment-thumbnail size-thumbnail\" alt=\"\" srcset=\"https:\/\/www.sp11bedzin.edu.pl\/wp-content\/uploads\/2021\/05\/p4-150x150.jpg 150w, https:\/\/www.sp11bedzin.edu.pl\/wp-content\/uploads\/2021\/05\/p4-300x300.jpg 300w\" sizes=\"(max-width: 150px) 100vw, 150px\" \/><\/a>\n\t\t\t<\/dt><\/dl><dl class='gallery-item'>\n\t\t\t<dt class='gallery-icon portrait'>\n\t\t\t\t<a data-elementor-open-lightbox=\"yes\" data-elementor-lightbox-slideshow=\"5a6febd\" data-elementor-lightbox-title=\"\u015awiatowy Dzie\u0144 Pszcz\u00f3\u0142\" data-elementor-lightbox-description=\"Zdj\u0119cie przedstawia ul wykonany z tektury i papieru\" data-e-action-hash=\"#elementor-action%3Aaction%3Dlightbox%26settings%3DeyJpZCI6Mzg2NSwidXJsIjoiaHR0cHM6XC9cL3d3dy5zcDExYmVkemluLmVkdS5wbFwvd3AtY29udGVudFwvdXBsb2Fkc1wvMjAyMVwvMDVcL3A1LXNjYWxlZC5qcGciLCJzbGlkZXNob3ciOiI1YTZmZWJkIn0%3D\" href='https:\/\/www.sp11bedzin.edu.pl\/wp-content\/uploads\/2021\/05\/p5-scaled.jpg'><img loading=\"lazy\" decoding=\"async\" width=\"150\" height=\"150\" src=\"https:\/\/www.sp11bedzin.edu.pl\/wp-content\/uploads\/2021\/05\/p5-150x150.jpg\" class=\"attachment-thumbnail size-thumbnail\" alt=\"\" srcset=\"https:\/\/www.sp11bedzin.edu.pl\/wp-content\/uploads\/2021\/05\/p5-150x150.jpg 150w, https:\/\/www.sp11bedzin.edu.pl\/wp-content\/uploads\/2021\/05\/p5-300x300.jpg 300w\" sizes=\"(max-width: 150px) 100vw, 150px\" \/><\/a>\n\t\t\t<\/dt><\/dl><br style=\"clear: both\" \/><dl class='gallery-item'>\n\t\t\t<dt class='gallery-icon landscape'>\n\t\t\t\t<a data-elementor-open-lightbox=\"yes\" data-elementor-lightbox-slideshow=\"5a6febd\" data-elementor-lightbox-title=\"\u015awiatowy Dzie\u0144 Pszcz\u00f3\u0142\" data-elementor-lightbox-description=\"Zdj\u0119cia uczni\u00f3w przebranych za pszczo\u0142y\" data-e-action-hash=\"#elementor-action%3Aaction%3Dlightbox%26settings%3DeyJpZCI6Mzg2NiwidXJsIjoiaHR0cHM6XC9cL3d3dy5zcDExYmVkemluLmVkdS5wbFwvd3AtY29udGVudFwvdXBsb2Fkc1wvMjAyMVwvMDVcL3A2LmpwZyIsInNsaWRlc2hvdyI6IjVhNmZlYmQifQ%3D%3D\" href='https:\/\/www.sp11bedzin.edu.pl\/wp-content\/uploads\/2021\/05\/p6.jpg'><img loading=\"lazy\" decoding=\"async\" width=\"150\" height=\"150\" src=\"https:\/\/www.sp11bedzin.edu.pl\/wp-content\/uploads\/2021\/05\/p6-150x150.jpg\" class=\"attachment-thumbnail size-thumbnail\" alt=\"\" srcset=\"https:\/\/www.sp11bedzin.edu.pl\/wp-content\/uploads\/2021\/05\/p6-150x150.jpg 150w, https:\/\/www.sp11bedzin.edu.pl\/wp-content\/uploads\/2021\/05\/p6-300x300.jpg 300w\" sizes=\"(max-width: 150px) 100vw, 150px\" \/><\/a>\n\t\t\t<\/dt><\/dl>\n\t\t\t<br style='clear: both' \/>\n\t\t<\/div>\n\t\t<\/div>\n\t\t\t\t\t\t<\/div>\n\t\t\t\t<\/div>\n\t\t\t\t\t<\/div>\n\t\t<\/div>\n\t\t\t\t\t<\/div>\n\t\t<\/section>\n\t\t\t\t<\/div>\n\t\t","protected":false},"excerpt":{"rendered":"<p>20 maja obchodzimy \u015awiatowy Dzie\u0144 Pszcz\u00f3\u0142, ustanowiony przez ONZ z inicjatywy S\u0142owenii. Celem jest podkre\u015blenie znaczenia pszcz\u00f3\u0142 dla pozyskiwania \u017cywno\u015bci i zwr\u00f3cenie uwagi na zagro\u017cenia dla tych owad\u00f3w. R\u00f3wnie\u017c uczniowie naszej szko\u0142y w ramach akcji &#8222;Ratujemy pszczo\u0142y&#8221; 20 maja \u015bwi\u0119towali wraz z pszczo\u0142ami na ca\u0142ym \u015bwiecie. M\u0142odsze klasy bra\u0142y udzia\u0142 w zaj\u0119ciach przybli\u017caj\u0105cych im rol\u0119&hellip;<\/p>\n","protected":false},"author":1,"featured_media":3866,"comment_status":"closed","ping_status":"closed","sticky":false,"template":"","format":"standard","meta":{"footnotes":""},"categories":[1],"tags":[],"class_list":["post-3859","post","type-post","status-publish","format-standard","has-post-thumbnail","hentry","category-uncategorized"],"_links":{"self":[{"href":"https:\/\/www.sp11bedzin.edu.pl\/index.php\/wp-json\/wp\/v2\/posts\/3859","targetHints":{"allow":["GET"]}}],"collection":[{"href":"https:\/\/www.sp11bedzin.edu.pl\/index.php\/wp-json\/wp\/v2\/posts"}],"about":[{"href":"https:\/\/www.sp11bedzin.edu.pl\/index.php\/wp-json\/wp\/v2\/types\/post"}],"author":[{"embeddable":true,"href":"https:\/\/www.sp11bedzin.edu.pl\/index.php\/wp-json\/wp\/v2\/users\/1"}],"replies":[{"embeddable":true,"href":"https:\/\/www.sp11bedzin.edu.pl\/index.php\/wp-json\/wp\/v2\/comments?post=3859"}],"version-history":[{"count":8,"href":"https:\/\/www.sp11bedzin.edu.pl\/index.php\/wp-json\/wp\/v2\/posts\/3859\/revisions"}],"predecessor-version":[{"id":3873,"href":"https:\/\/www.sp11bedzin.edu.pl\/index.php\/wp-json\/wp\/v2\/posts\/3859\/revisions\/3873"}],"wp:featuredmedia":[{"embeddable":true,"href":"https:\/\/www.sp11bedzin.edu.pl\/index.php\/wp-json\/wp\/v2\/media\/3866"}],"wp:attachment":[{"href":"https:\/\/www.sp11bedzin.edu.pl\/index.php\/wp-json\/wp\/v2\/media?parent=3859"}],"wp:term":[{"taxonomy":"category","embeddable":true,"href":"https:\/\/www.sp11bedzin.edu.pl\/index.php\/wp-json\/wp\/v2\/categories?post=3859"},{"taxonomy":"post_tag","embeddable":true,"href":"https:\/\/www.sp11bedzin.edu.pl\/index.php\/wp-json\/wp\/v2\/tags?post=3859"}],"curies":[{"name":"wp","href":"https:\/\/api.w.org\/{rel}","templated":true}]}}