{"id":3069,"date":"2021-04-25T21:38:56","date_gmt":"2021-04-25T21:38:56","guid":{"rendered":"https:\/\/www.sp11bedzin.edu.pl\/?p=3069"},"modified":"2021-04-25T21:46:46","modified_gmt":"2021-04-25T21:46:46","slug":"miedzyszkolny-konkurs-plastyczny-drzewo","status":"publish","type":"post","link":"https:\/\/www.sp11bedzin.edu.pl\/index.php\/2021\/04\/25\/miedzyszkolny-konkurs-plastyczny-drzewo\/","title":{"rendered":"Mi\u0119dzyszkolny Konkurs Plastyczny &#8222;Drzewo&#8221;"},"content":{"rendered":"\t\t<div data-elementor-type=\"wp-post\" data-elementor-id=\"3069\" class=\"elementor elementor-3069\">\n\t\t\t\t\t\t<section class=\"elementor-section elementor-top-section elementor-element elementor-element-b239137 elementor-section-boxed elementor-section-height-default elementor-section-height-default\" data-id=\"b239137\" data-element_type=\"section\" data-e-type=\"section\">\n\t\t\t\t\t\t<div class=\"elementor-container elementor-column-gap-default\">\n\t\t\t\t\t<div class=\"elementor-column elementor-col-100 elementor-top-column elementor-element elementor-element-a0881cd\" data-id=\"a0881cd\" data-element_type=\"column\" data-e-type=\"column\">\n\t\t\t<div class=\"elementor-widget-wrap elementor-element-populated\">\n\t\t\t\t\t\t<div class=\"elementor-element elementor-element-4da020b elementor-widget elementor-widget-text-editor\" data-id=\"4da020b\" data-element_type=\"widget\" data-e-type=\"widget\" data-widget_type=\"text-editor.default\">\n\t\t\t\t<div class=\"elementor-widget-container\">\n\t\t\t\t\t\t\t\t\t<p style=\"text-align: left;\"><strong><span style=\"color: #008000;\">\u201eDzie\u0144 dobry, drzewa, polskie drzewa!<\/span><\/strong><\/p><p style=\"text-align: left;\"><strong><span style=\"color: #008000;\">Natura was szczodrze przyodziewa.<\/span><\/strong><\/p><p style=\"text-align: left;\"><strong><span style=\"color: #008000;\">I trwajcie tak na naszej ziemi<\/span><\/strong><\/p><p style=\"text-align: left;\"><strong><span style=\"color: #008000;\">Na przemian w bieli i zieleni!\u201d<\/span><\/strong><\/p><p><span style=\"color: #000000;\">W miesi\u0105cu marcu Oddzia\u0142 Przedszkolny przy Szkole Podstawowej nr 11 im. W\u0142adys\u0142awa Broniewskiego by\u0142 po raz trzeci organizatorem konkursu plastycznego pt. \u201eDrzewo w czterech porach roku\u201d. Tegoroczna edycja r\u00f3\u017cni\u0142a si\u0119 od poprzednich, poniewa\u017c odby\u0142a si\u0119 w formie wysy\u0142kowej, ze wzgl\u0119du na trwaj\u0105c\u0105 pandemi\u0119. Kierowana by\u0142a do dzieci z pobliskich przedszkoli, a zadanie polega\u0142o na wykonaniu pod opiek\u0105 swoich wychowawc\u00f3w pracy plastycznej dowoln\u0105 metod\u0105, przedstawiaj\u0105cej drzewo w czterech porach roku i wys\u0142anie jej na adres naszej plac\u00f3wki. Pomimo panuj\u0105cych warunk\u00f3w efekt ko\u0144cowy zachwyci\u0142 wszystkich. \u00a0Dzieci wykaza\u0142y si\u0119 niezwyk\u0142\u0105 wyobra\u017ani\u0105 i talentem plastycznym. Ich r\u0119kodzie\u0142a przyozdobione by\u0142y r\u00f3\u017cnymi materia\u0142ami: filcem, papierem kolorowym, cekinami itp. Werdyktem jury pod przewodnictwem Pani Dyrektor i Wicedyrektor wszyscy uczestnicy zaj\u0119li I miejsce. Ka\u017cde dziecko otrzyma\u0142o pi\u0119kne nagrody ufundowane przez firm\u0119 Musia\u0142 Nieruchomo\u015bci oraz K&amp;LBUD, za kt\u00f3re serdecznie dzi\u0119kujemy. Wszystkim zwyci\u0119zcom gratulujemy!<\/span><\/p>\t\t\t\t\t\t\t\t<\/div>\n\t\t\t\t<\/div>\n\t\t\t\t<div class=\"elementor-element elementor-element-963d34a elementor-widget elementor-widget-image-gallery\" data-id=\"963d34a\" data-element_type=\"widget\" data-e-type=\"widget\" data-widget_type=\"image-gallery.default\">\n\t\t\t\t<div class=\"elementor-widget-container\">\n\t\t\t\t\t\t\t<div class=\"elementor-image-gallery\">\n\t\t\t\n\t\t<style type=\"text\/css\">\n\t\t\t#gallery-1 {\n\t\t\t\tmargin: auto;\n\t\t\t}\n\t\t\t#gallery-1 .gallery-item {\n\t\t\t\tfloat: left;\n\t\t\t\tmargin-top: 10px;\n\t\t\t\ttext-align: center;\n\t\t\t\twidth: 25%;\n\t\t\t}\n\t\t\t#gallery-1 img {\n\t\t\t\tborder: 2px solid #cfcfcf;\n\t\t\t}\n\t\t\t#gallery-1 .gallery-caption {\n\t\t\t\tmargin-left: 0;\n\t\t\t}\n\t\t\t\/* see gallery_shortcode() in wp-includes\/media.php *\/\n\t\t<\/style>\n\t\t<div id='gallery-1' class='gallery galleryid-3069 gallery-columns-4 gallery-size-thumbnail'><dl class='gallery-item'>\n\t\t\t<dt class='gallery-icon landscape'>\n\t\t\t\t<a data-elementor-open-lightbox=\"yes\" data-elementor-lightbox-slideshow=\"963d34a\" data-elementor-lightbox-title=\"drzewo4\" data-e-action-hash=\"#elementor-action%3Aaction%3Dlightbox%26settings%3DeyJpZCI6MzA3NCwidXJsIjoiaHR0cHM6XC9cL3d3dy5zcDExYmVkemluLmVkdS5wbFwvd3AtY29udGVudFwvdXBsb2Fkc1wvMjAyMVwvMDRcL2RyemV3bzQuanBnIiwic2xpZGVzaG93IjoiOTYzZDM0YSJ9\" href='https:\/\/www.sp11bedzin.edu.pl\/wp-content\/uploads\/2021\/04\/drzewo4.jpg'><img decoding=\"async\" width=\"150\" height=\"150\" src=\"https:\/\/www.sp11bedzin.edu.pl\/wp-content\/uploads\/2021\/04\/drzewo4-150x150.jpg\" class=\"attachment-thumbnail size-thumbnail\" alt=\"\" srcset=\"https:\/\/www.sp11bedzin.edu.pl\/wp-content\/uploads\/2021\/04\/drzewo4-150x150.jpg 150w, https:\/\/www.sp11bedzin.edu.pl\/wp-content\/uploads\/2021\/04\/drzewo4-300x300.jpg 300w\" sizes=\"(max-width: 150px) 100vw, 150px\" \/><\/a>\n\t\t\t<\/dt><\/dl><dl class='gallery-item'>\n\t\t\t<dt class='gallery-icon landscape'>\n\t\t\t\t<a data-elementor-open-lightbox=\"yes\" data-elementor-lightbox-slideshow=\"963d34a\" data-elementor-lightbox-title=\"drzewo3\" data-e-action-hash=\"#elementor-action%3Aaction%3Dlightbox%26settings%3DeyJpZCI6MzA3NSwidXJsIjoiaHR0cHM6XC9cL3d3dy5zcDExYmVkemluLmVkdS5wbFwvd3AtY29udGVudFwvdXBsb2Fkc1wvMjAyMVwvMDRcL2RyemV3bzMuanBnIiwic2xpZGVzaG93IjoiOTYzZDM0YSJ9\" href='https:\/\/www.sp11bedzin.edu.pl\/wp-content\/uploads\/2021\/04\/drzewo3.jpg'><img decoding=\"async\" width=\"150\" height=\"150\" src=\"https:\/\/www.sp11bedzin.edu.pl\/wp-content\/uploads\/2021\/04\/drzewo3-150x150.jpg\" class=\"attachment-thumbnail size-thumbnail\" alt=\"\" srcset=\"https:\/\/www.sp11bedzin.edu.pl\/wp-content\/uploads\/2021\/04\/drzewo3-150x150.jpg 150w, https:\/\/www.sp11bedzin.edu.pl\/wp-content\/uploads\/2021\/04\/drzewo3-300x300.jpg 300w\" sizes=\"(max-width: 150px) 100vw, 150px\" \/><\/a>\n\t\t\t<\/dt><\/dl><dl class='gallery-item'>\n\t\t\t<dt class='gallery-icon landscape'>\n\t\t\t\t<a data-elementor-open-lightbox=\"yes\" data-elementor-lightbox-slideshow=\"963d34a\" data-elementor-lightbox-title=\"drzewo2\" data-e-action-hash=\"#elementor-action%3Aaction%3Dlightbox%26settings%3DeyJpZCI6MzA3NiwidXJsIjoiaHR0cHM6XC9cL3d3dy5zcDExYmVkemluLmVkdS5wbFwvd3AtY29udGVudFwvdXBsb2Fkc1wvMjAyMVwvMDRcL2RyemV3bzIuanBnIiwic2xpZGVzaG93IjoiOTYzZDM0YSJ9\" href='https:\/\/www.sp11bedzin.edu.pl\/wp-content\/uploads\/2021\/04\/drzewo2.jpg'><img decoding=\"async\" width=\"150\" height=\"150\" src=\"https:\/\/www.sp11bedzin.edu.pl\/wp-content\/uploads\/2021\/04\/drzewo2-150x150.jpg\" class=\"attachment-thumbnail size-thumbnail\" alt=\"\" srcset=\"https:\/\/www.sp11bedzin.edu.pl\/wp-content\/uploads\/2021\/04\/drzewo2-150x150.jpg 150w, https:\/\/www.sp11bedzin.edu.pl\/wp-content\/uploads\/2021\/04\/drzewo2-300x300.jpg 300w\" sizes=\"(max-width: 150px) 100vw, 150px\" \/><\/a>\n\t\t\t<\/dt><\/dl><dl class='gallery-item'>\n\t\t\t<dt class='gallery-icon landscape'>\n\t\t\t\t<a data-elementor-open-lightbox=\"yes\" data-elementor-lightbox-slideshow=\"963d34a\" data-elementor-lightbox-title=\"drzewo1\" data-e-action-hash=\"#elementor-action%3Aaction%3Dlightbox%26settings%3DeyJpZCI6MzA3NywidXJsIjoiaHR0cHM6XC9cL3d3dy5zcDExYmVkemluLmVkdS5wbFwvd3AtY29udGVudFwvdXBsb2Fkc1wvMjAyMVwvMDRcL2RyemV3bzEuanBnIiwic2xpZGVzaG93IjoiOTYzZDM0YSJ9\" href='https:\/\/www.sp11bedzin.edu.pl\/wp-content\/uploads\/2021\/04\/drzewo1.jpg'><img loading=\"lazy\" decoding=\"async\" width=\"150\" height=\"150\" src=\"https:\/\/www.sp11bedzin.edu.pl\/wp-content\/uploads\/2021\/04\/drzewo1-150x150.jpg\" class=\"attachment-thumbnail size-thumbnail\" alt=\"\" srcset=\"https:\/\/www.sp11bedzin.edu.pl\/wp-content\/uploads\/2021\/04\/drzewo1-150x150.jpg 150w, https:\/\/www.sp11bedzin.edu.pl\/wp-content\/uploads\/2021\/04\/drzewo1-300x300.jpg 300w\" sizes=\"(max-width: 150px) 100vw, 150px\" \/><\/a>\n\t\t\t<\/dt><\/dl><br style=\"clear: both\" \/>\n\t\t<\/div>\n\t\t<\/div>\n\t\t\t\t\t\t<\/div>\n\t\t\t\t<\/div>\n\t\t\t\t\t<\/div>\n\t\t<\/div>\n\t\t\t\t\t<\/div>\n\t\t<\/section>\n\t\t\t\t<\/div>\n\t\t","protected":false},"excerpt":{"rendered":"<p>\u201eDzie\u0144 dobry, drzewa, polskie drzewa! Natura was szczodrze przyodziewa. I trwajcie tak na naszej ziemi Na przemian w bieli i zieleni!\u201d W miesi\u0105cu marcu Oddzia\u0142 Przedszkolny przy Szkole Podstawowej nr 11 im. W\u0142adys\u0142awa Broniewskiego by\u0142 po raz trzeci organizatorem konkursu plastycznego pt. \u201eDrzewo w czterech porach roku\u201d. Tegoroczna edycja r\u00f3\u017cni\u0142a si\u0119 od poprzednich, poniewa\u017c odby\u0142a&hellip;<\/p>\n","protected":false},"author":1,"featured_media":3074,"comment_status":"closed","ping_status":"closed","sticky":false,"template":"","format":"standard","meta":{"footnotes":""},"categories":[1],"tags":[],"class_list":["post-3069","post","type-post","status-publish","format-standard","has-post-thumbnail","hentry","category-uncategorized"],"_links":{"self":[{"href":"https:\/\/www.sp11bedzin.edu.pl\/index.php\/wp-json\/wp\/v2\/posts\/3069","targetHints":{"allow":["GET"]}}],"collection":[{"href":"https:\/\/www.sp11bedzin.edu.pl\/index.php\/wp-json\/wp\/v2\/posts"}],"about":[{"href":"https:\/\/www.sp11bedzin.edu.pl\/index.php\/wp-json\/wp\/v2\/types\/post"}],"author":[{"embeddable":true,"href":"https:\/\/www.sp11bedzin.edu.pl\/index.php\/wp-json\/wp\/v2\/users\/1"}],"replies":[{"embeddable":true,"href":"https:\/\/www.sp11bedzin.edu.pl\/index.php\/wp-json\/wp\/v2\/comments?post=3069"}],"version-history":[{"count":11,"href":"https:\/\/www.sp11bedzin.edu.pl\/index.php\/wp-json\/wp\/v2\/posts\/3069\/revisions"}],"predecessor-version":[{"id":3084,"href":"https:\/\/www.sp11bedzin.edu.pl\/index.php\/wp-json\/wp\/v2\/posts\/3069\/revisions\/3084"}],"wp:featuredmedia":[{"embeddable":true,"href":"https:\/\/www.sp11bedzin.edu.pl\/index.php\/wp-json\/wp\/v2\/media\/3074"}],"wp:attachment":[{"href":"https:\/\/www.sp11bedzin.edu.pl\/index.php\/wp-json\/wp\/v2\/media?parent=3069"}],"wp:term":[{"taxonomy":"category","embeddable":true,"href":"https:\/\/www.sp11bedzin.edu.pl\/index.php\/wp-json\/wp\/v2\/categories?post=3069"},{"taxonomy":"post_tag","embeddable":true,"href":"https:\/\/www.sp11bedzin.edu.pl\/index.php\/wp-json\/wp\/v2\/tags?post=3069"}],"curies":[{"name":"wp","href":"https:\/\/api.w.org\/{rel}","templated":true}]}}