{"id":2283,"date":"2021-04-08T05:28:00","date_gmt":"2021-04-08T05:28:00","guid":{"rendered":"https:\/\/www.sp11bedzin.edu.pl\/?p=2283"},"modified":"2021-04-09T05:31:50","modified_gmt":"2021-04-09T05:31:50","slug":"projekt-niezapomniani","status":"publish","type":"post","link":"https:\/\/www.sp11bedzin.edu.pl\/index.php\/2021\/04\/08\/projekt-niezapomniani\/","title":{"rendered":"Projekt &#8222;Niezapomniani&#8221;"},"content":{"rendered":"\t\t<div data-elementor-type=\"wp-post\" data-elementor-id=\"2283\" class=\"elementor elementor-2283\">\n\t\t\t\t\t\t<section class=\"elementor-section elementor-top-section elementor-element elementor-element-0bca0a6 elementor-section-boxed elementor-section-height-default elementor-section-height-default\" data-id=\"0bca0a6\" data-element_type=\"section\" data-e-type=\"section\">\n\t\t\t\t\t\t<div class=\"elementor-container elementor-column-gap-default\">\n\t\t\t\t\t<div class=\"elementor-column elementor-col-100 elementor-top-column elementor-element elementor-element-9737d50\" data-id=\"9737d50\" data-element_type=\"column\" data-e-type=\"column\">\n\t\t\t<div class=\"elementor-widget-wrap elementor-element-populated\">\n\t\t\t\t\t\t<div class=\"elementor-element elementor-element-416019b elementor-widget elementor-widget-text-editor\" data-id=\"416019b\" data-element_type=\"widget\" data-e-type=\"widget\" data-widget_type=\"text-editor.default\">\n\t\t\t\t<div class=\"elementor-widget-container\">\n\t\t\t\t\t\t\t\t\t<p>8 kwietnia obchodzony jest Dzie\u0144 Pami\u0119ci o Holokau\u015bcie \u2013 Jom HaSzoa. Z tej okazji \u017bydowskie Muzeum Galicja przygotowa\u0142o projekt \u201eNiezapomniani\u201d, w kt\u00f3rym wzi\u0119li udzia\u0142 uczniowie klasy VII z naszej szko\u0142y. Projekt by\u0142 form\u0105 oddania ho\u0142du \u017bydom pochodz\u0105cym z Polskich miast i wsi, spo\u015br\u00f3d kt\u00f3rych 90% zosta\u0142o zamordowanych w czasie Holokaustu. Udzia\u0142 w projekcie polega\u0142 na nagraniu kr\u00f3tkiego filmu, w kt\u00f3rym uwieczniono lokaln\u0105 spo\u0142eczno\u015b\u0107 \u017cydowsk\u0105 \u2013 rzecz\u0105 \u0142\u0105cz\u0105c\u0105 wszystkie nagrania jest wypowiadane zdanie \u201ePami\u0119ci \u017cydowskich mieszka\u0144c\u00f3w \u2026 (np. B\u0119dzina)\u201d. Udzia\u0142 w projekcie by\u0142 okazj\u0105 do odwiedzenia miejsc po\u015bwi\u0119conych lokalnej spo\u0142eczno\u015bci \u017cydowskiej.<\/p><p>Zapraszamy do obejrzenia filmu, kt\u00f3ry powsta\u0142 z wykorzystaniem filmik\u00f3w stworzonych przez osoby bior\u0105ce udzia\u0142 w projekcie.<\/p>\t\t\t\t\t\t\t\t<\/div>\n\t\t\t\t<\/div>\n\t\t\t\t\t<\/div>\n\t\t<\/div>\n\t\t\t\t\t<\/div>\n\t\t<\/section>\n\t\t\t\t<section class=\"elementor-section elementor-top-section elementor-element elementor-element-5b1acd1 elementor-section-boxed elementor-section-height-default elementor-section-height-default\" data-id=\"5b1acd1\" data-element_type=\"section\" data-e-type=\"section\">\n\t\t\t\t\t\t<div class=\"elementor-container elementor-column-gap-default\">\n\t\t\t\t\t<div class=\"elementor-column elementor-col-100 elementor-top-column elementor-element elementor-element-40f100b\" data-id=\"40f100b\" data-element_type=\"column\" data-e-type=\"column\">\n\t\t\t<div class=\"elementor-widget-wrap elementor-element-populated\">\n\t\t\t\t\t\t<div class=\"elementor-element elementor-element-aa68416 elementor-widget elementor-widget-video\" data-id=\"aa68416\" data-element_type=\"widget\" data-e-type=\"widget\" data-settings=\"{&quot;youtube_url&quot;:&quot;https:\\\/\\\/www.youtube.com\\\/watch?v=L8Zvjdrvb7E&quot;,&quot;autoplay&quot;:&quot;yes&quot;,&quot;video_type&quot;:&quot;youtube&quot;,&quot;controls&quot;:&quot;yes&quot;}\" data-widget_type=\"video.default\">\n\t\t\t\t<div class=\"elementor-widget-container\">\n\t\t\t\t\t\t\t<div class=\"elementor-wrapper elementor-open-inline\">\n\t\t\t<div class=\"elementor-video\"><\/div>\t\t<\/div>\n\t\t\t\t\t\t<\/div>\n\t\t\t\t<\/div>\n\t\t\t\t\t<\/div>\n\t\t<\/div>\n\t\t\t\t\t<\/div>\n\t\t<\/section>\n\t\t\t\t<\/div>\n\t\t","protected":false},"excerpt":{"rendered":"<p>8 kwietnia obchodzony jest Dzie\u0144 Pami\u0119ci o Holokau\u015bcie \u2013 Jom HaSzoa. Z tej okazji \u017bydowskie Muzeum Galicja przygotowa\u0142o projekt \u201eNiezapomniani\u201d, w kt\u00f3rym wzi\u0119li udzia\u0142 uczniowie klasy VII z naszej szko\u0142y. Projekt by\u0142 form\u0105 oddania ho\u0142du \u017bydom pochodz\u0105cym z Polskich miast i wsi, spo\u015br\u00f3d kt\u00f3rych 90% zosta\u0142o zamordowanych w czasie Holokaustu. Udzia\u0142 w projekcie polega\u0142 na&hellip;<\/p>\n","protected":false},"author":1,"featured_media":2288,"comment_status":"closed","ping_status":"closed","sticky":false,"template":"","format":"standard","meta":{"footnotes":""},"categories":[1],"tags":[],"class_list":["post-2283","post","type-post","status-publish","format-standard","has-post-thumbnail","hentry","category-uncategorized"],"_links":{"self":[{"href":"https:\/\/www.sp11bedzin.edu.pl\/index.php\/wp-json\/wp\/v2\/posts\/2283","targetHints":{"allow":["GET"]}}],"collection":[{"href":"https:\/\/www.sp11bedzin.edu.pl\/index.php\/wp-json\/wp\/v2\/posts"}],"about":[{"href":"https:\/\/www.sp11bedzin.edu.pl\/index.php\/wp-json\/wp\/v2\/types\/post"}],"author":[{"embeddable":true,"href":"https:\/\/www.sp11bedzin.edu.pl\/index.php\/wp-json\/wp\/v2\/users\/1"}],"replies":[{"embeddable":true,"href":"https:\/\/www.sp11bedzin.edu.pl\/index.php\/wp-json\/wp\/v2\/comments?post=2283"}],"version-history":[{"count":5,"href":"https:\/\/www.sp11bedzin.edu.pl\/index.php\/wp-json\/wp\/v2\/posts\/2283\/revisions"}],"predecessor-version":[{"id":2289,"href":"https:\/\/www.sp11bedzin.edu.pl\/index.php\/wp-json\/wp\/v2\/posts\/2283\/revisions\/2289"}],"wp:featuredmedia":[{"embeddable":true,"href":"https:\/\/www.sp11bedzin.edu.pl\/index.php\/wp-json\/wp\/v2\/media\/2288"}],"wp:attachment":[{"href":"https:\/\/www.sp11bedzin.edu.pl\/index.php\/wp-json\/wp\/v2\/media?parent=2283"}],"wp:term":[{"taxonomy":"category","embeddable":true,"href":"https:\/\/www.sp11bedzin.edu.pl\/index.php\/wp-json\/wp\/v2\/categories?post=2283"},{"taxonomy":"post_tag","embeddable":true,"href":"https:\/\/www.sp11bedzin.edu.pl\/index.php\/wp-json\/wp\/v2\/tags?post=2283"}],"curies":[{"name":"wp","href":"https:\/\/api.w.org\/{rel}","templated":true}]}}