{"id":18518,"date":"2025-04-17T20:45:21","date_gmt":"2025-04-17T20:45:21","guid":{"rendered":"https:\/\/www.sp11bedzin.edu.pl\/?p=18518"},"modified":"2025-04-27T20:47:53","modified_gmt":"2025-04-27T20:47:53","slug":"swiateczne-kartki-dobroczynne","status":"publish","type":"post","link":"https:\/\/www.sp11bedzin.edu.pl\/index.php\/2025\/04\/17\/swiateczne-kartki-dobroczynne\/","title":{"rendered":"\u015awi\u0105teczne kartki dobroczynne"},"content":{"rendered":"\t\t<div data-elementor-type=\"wp-post\" data-elementor-id=\"18518\" class=\"elementor elementor-18518\">\n\t\t\t\t\t\t<section class=\"elementor-section elementor-top-section elementor-element elementor-element-12dbc22 elementor-section-boxed elementor-section-height-default elementor-section-height-default\" data-id=\"12dbc22\" data-element_type=\"section\" data-e-type=\"section\">\n\t\t\t\t\t\t<div class=\"elementor-container elementor-column-gap-default\">\n\t\t\t\t\t<div class=\"elementor-column elementor-col-100 elementor-top-column elementor-element elementor-element-8e88f8d\" data-id=\"8e88f8d\" data-element_type=\"column\" data-e-type=\"column\">\n\t\t\t<div class=\"elementor-widget-wrap elementor-element-populated\">\n\t\t\t\t\t\t<div class=\"elementor-element elementor-element-cfaec7e elementor-widget elementor-widget-text-editor\" data-id=\"cfaec7e\" data-element_type=\"widget\" data-e-type=\"widget\" data-widget_type=\"text-editor.default\">\n\t\t\t\t<div class=\"elementor-widget-container\">\n\t\t\t\t\t\t\t\t\t<p><span style=\"color: #000000;\">Mi\u0142o nam poinformowa\u0107, \u017ce w naszej szkole zako\u0144czy\u0142a si\u0119 kolejna edycja akcji charytatywnej \u201e\u015awi\u0105teczne kartki dobroczynne\u201d, zorganizowana we wsp\u00f3\u0142pracy ze Stowarzyszeniem \u201dSursum Corda\u201d, czyli \u201eW g\u00f3r\u0119 serca\u201d.<\/span><\/p><p><span style=\"color: #000000;\">Uczniowie pokazali swoje ogromne serca, kupuj\u0105c dobroczynne kartki wielkanocne. Kartki te bowiem podkre\u015blaj\u0105 otwarto\u015b\u0107 na niesienie pomocy potrzebuj\u0105cym, chorym i niepe\u0142nosprawnym dzieciom z programu <em>chce pomaga\u0107.org.<\/em><\/span><\/p><p><span style=\"color: #000000;\">Ich zakup wspiera program leczenia i rehabilitacji ma\u0142ych podopiecznych.<\/span><\/p><p><span style=\"color: #000000;\">Dzi\u0119ki ogromnemu zaanga\u017cowaniu i hojno\u015bci spo\u0142eczno\u015bci szkolnej, uda\u0142o si\u0119 zebra\u0107 spor\u0105 sum\u0119 pieni\u0119dzy, kt\u00f3r\u0105 przekazali\u015bmy naszym najm\u0142odszym milusi\u0144skim.<\/span><\/p><p><span style=\"color: #000000;\">\u201ePomoc nie spada z nieba! Pomoc to MY!\u201d, czyli Wy Drodzy Uczniowie i NauczycieleJ<\/span><\/p><p><span style=\"color: #000000;\">DZI\u0118KUJEMY i CZEKAMY NA KOLEJNE AKCJE CHARYTATYWNEJ<\/span><\/p>\t\t\t\t\t\t\t\t<\/div>\n\t\t\t\t<\/div>\n\t\t\t\t<div class=\"elementor-element elementor-element-e7e200d elementor-widget elementor-widget-image-gallery\" data-id=\"e7e200d\" data-element_type=\"widget\" data-e-type=\"widget\" data-widget_type=\"image-gallery.default\">\n\t\t\t\t<div class=\"elementor-widget-container\">\n\t\t\t\t\t\t\t<div class=\"elementor-image-gallery\">\n\t\t\t\n\t\t<style type=\"text\/css\">\n\t\t\t#gallery-1 {\n\t\t\t\tmargin: auto;\n\t\t\t}\n\t\t\t#gallery-1 .gallery-item {\n\t\t\t\tfloat: left;\n\t\t\t\tmargin-top: 10px;\n\t\t\t\ttext-align: center;\n\t\t\t\twidth: 33%;\n\t\t\t}\n\t\t\t#gallery-1 img {\n\t\t\t\tborder: 2px solid #cfcfcf;\n\t\t\t}\n\t\t\t#gallery-1 .gallery-caption {\n\t\t\t\tmargin-left: 0;\n\t\t\t}\n\t\t\t\/* see gallery_shortcode() in wp-includes\/media.php *\/\n\t\t<\/style>\n\t\t<div id='gallery-1' class='gallery galleryid-18518 gallery-columns-3 gallery-size-thumbnail'><dl class='gallery-item'>\n\t\t\t<dt class='gallery-icon landscape'>\n\t\t\t\t<a data-elementor-open-lightbox=\"yes\" data-elementor-lightbox-slideshow=\"e7e200d\" data-elementor-lightbox-title=\"1745390720088\" data-e-action-hash=\"#elementor-action%3Aaction%3Dlightbox%26settings%3DeyJpZCI6MTg1MjAsInVybCI6Imh0dHBzOlwvXC93d3cuc3AxMWJlZHppbi5lZHUucGxcL3dwLWNvbnRlbnRcL3VwbG9hZHNcLzIwMjVcLzA0XC8xNzQ1MzkwNzIwMDg4LXNjYWxlZC5qcGciLCJzbGlkZXNob3ciOiJlN2UyMDBkIn0%3D\" href='https:\/\/www.sp11bedzin.edu.pl\/wp-content\/uploads\/2025\/04\/1745390720088-scaled.jpg'><img decoding=\"async\" width=\"150\" height=\"150\" src=\"https:\/\/www.sp11bedzin.edu.pl\/wp-content\/uploads\/2025\/04\/1745390720088-150x150.jpg\" class=\"attachment-thumbnail size-thumbnail\" alt=\"\" srcset=\"https:\/\/www.sp11bedzin.edu.pl\/wp-content\/uploads\/2025\/04\/1745390720088-150x150.jpg 150w, https:\/\/www.sp11bedzin.edu.pl\/wp-content\/uploads\/2025\/04\/1745390720088-300x300.jpg 300w, https:\/\/www.sp11bedzin.edu.pl\/wp-content\/uploads\/2025\/04\/1745390720088-1024x1024.jpg 1024w, https:\/\/www.sp11bedzin.edu.pl\/wp-content\/uploads\/2025\/04\/1745390720088-768x768.jpg 768w, https:\/\/www.sp11bedzin.edu.pl\/wp-content\/uploads\/2025\/04\/1745390720088-1536x1536.jpg 1536w, https:\/\/www.sp11bedzin.edu.pl\/wp-content\/uploads\/2025\/04\/1745390720088-2048x2048.jpg 2048w\" sizes=\"(max-width: 150px) 100vw, 150px\" \/><\/a>\n\t\t\t<\/dt><\/dl><dl class='gallery-item'>\n\t\t\t<dt class='gallery-icon landscape'>\n\t\t\t\t<a data-elementor-open-lightbox=\"yes\" data-elementor-lightbox-slideshow=\"e7e200d\" data-elementor-lightbox-title=\"1745390742267\" data-e-action-hash=\"#elementor-action%3Aaction%3Dlightbox%26settings%3DeyJpZCI6MTg1MjEsInVybCI6Imh0dHBzOlwvXC93d3cuc3AxMWJlZHppbi5lZHUucGxcL3dwLWNvbnRlbnRcL3VwbG9hZHNcLzIwMjVcLzA0XC8xNzQ1MzkwNzQyMjY3LXNjYWxlZC5qcGciLCJzbGlkZXNob3ciOiJlN2UyMDBkIn0%3D\" href='https:\/\/www.sp11bedzin.edu.pl\/wp-content\/uploads\/2025\/04\/1745390742267-scaled.jpg'><img decoding=\"async\" width=\"150\" height=\"150\" src=\"https:\/\/www.sp11bedzin.edu.pl\/wp-content\/uploads\/2025\/04\/1745390742267-150x150.jpg\" class=\"attachment-thumbnail size-thumbnail\" alt=\"\" srcset=\"https:\/\/www.sp11bedzin.edu.pl\/wp-content\/uploads\/2025\/04\/1745390742267-150x150.jpg 150w, https:\/\/www.sp11bedzin.edu.pl\/wp-content\/uploads\/2025\/04\/1745390742267-300x300.jpg 300w, https:\/\/www.sp11bedzin.edu.pl\/wp-content\/uploads\/2025\/04\/1745390742267-1024x1024.jpg 1024w, https:\/\/www.sp11bedzin.edu.pl\/wp-content\/uploads\/2025\/04\/1745390742267-768x768.jpg 768w, https:\/\/www.sp11bedzin.edu.pl\/wp-content\/uploads\/2025\/04\/1745390742267-1536x1536.jpg 1536w, https:\/\/www.sp11bedzin.edu.pl\/wp-content\/uploads\/2025\/04\/1745390742267-2048x2048.jpg 2048w\" sizes=\"(max-width: 150px) 100vw, 150px\" \/><\/a>\n\t\t\t<\/dt><\/dl><dl class='gallery-item'>\n\t\t\t<dt class='gallery-icon landscape'>\n\t\t\t\t<a data-elementor-open-lightbox=\"yes\" data-elementor-lightbox-slideshow=\"e7e200d\" data-elementor-lightbox-title=\"Sursum Corda 1\" data-e-action-hash=\"#elementor-action%3Aaction%3Dlightbox%26settings%3DeyJpZCI6MTg1MjIsInVybCI6Imh0dHBzOlwvXC93d3cuc3AxMWJlZHppbi5lZHUucGxcL3dwLWNvbnRlbnRcL3VwbG9hZHNcLzIwMjVcLzA0XC9TdXJzdW0tQ29yZGEtMS1zY2FsZWQuanBnIiwic2xpZGVzaG93IjoiZTdlMjAwZCJ9\" href='https:\/\/www.sp11bedzin.edu.pl\/wp-content\/uploads\/2025\/04\/Sursum-Corda-1-scaled.jpg'><img decoding=\"async\" width=\"150\" height=\"150\" src=\"https:\/\/www.sp11bedzin.edu.pl\/wp-content\/uploads\/2025\/04\/Sursum-Corda-1-150x150.jpg\" class=\"attachment-thumbnail size-thumbnail\" alt=\"\" srcset=\"https:\/\/www.sp11bedzin.edu.pl\/wp-content\/uploads\/2025\/04\/Sursum-Corda-1-150x150.jpg 150w, https:\/\/www.sp11bedzin.edu.pl\/wp-content\/uploads\/2025\/04\/Sursum-Corda-1-300x300.jpg 300w, https:\/\/www.sp11bedzin.edu.pl\/wp-content\/uploads\/2025\/04\/Sursum-Corda-1-1024x1024.jpg 1024w, https:\/\/www.sp11bedzin.edu.pl\/wp-content\/uploads\/2025\/04\/Sursum-Corda-1-768x768.jpg 768w, https:\/\/www.sp11bedzin.edu.pl\/wp-content\/uploads\/2025\/04\/Sursum-Corda-1-1536x1536.jpg 1536w, https:\/\/www.sp11bedzin.edu.pl\/wp-content\/uploads\/2025\/04\/Sursum-Corda-1-2048x2048.jpg 2048w\" sizes=\"(max-width: 150px) 100vw, 150px\" \/><\/a>\n\t\t\t<\/dt><\/dl><br style=\"clear: both\" \/>\n\t\t<\/div>\n\t\t<\/div>\n\t\t\t\t\t\t<\/div>\n\t\t\t\t<\/div>\n\t\t\t\t\t<\/div>\n\t\t<\/div>\n\t\t\t\t\t<\/div>\n\t\t<\/section>\n\t\t\t\t<\/div>\n\t\t","protected":false},"excerpt":{"rendered":"<p>Mi\u0142o nam poinformowa\u0107, \u017ce w naszej szkole zako\u0144czy\u0142a si\u0119 kolejna edycja akcji charytatywnej \u201e\u015awi\u0105teczne kartki dobroczynne\u201d, zorganizowana we wsp\u00f3\u0142pracy ze Stowarzyszeniem \u201dSursum Corda\u201d, czyli \u201eW g\u00f3r\u0119 serca\u201d. Uczniowie pokazali swoje ogromne serca, kupuj\u0105c dobroczynne kartki wielkanocne. Kartki te bowiem podkre\u015blaj\u0105 otwarto\u015b\u0107 na niesienie pomocy potrzebuj\u0105cym, chorym i niepe\u0142nosprawnym dzieciom z programu chce pomaga\u0107.org. Ich zakup&hellip;<\/p>\n","protected":false},"author":1,"featured_media":18521,"comment_status":"closed","ping_status":"closed","sticky":false,"template":"","format":"standard","meta":{"footnotes":""},"categories":[1],"tags":[],"class_list":["post-18518","post","type-post","status-publish","format-standard","has-post-thumbnail","hentry","category-uncategorized"],"_links":{"self":[{"href":"https:\/\/www.sp11bedzin.edu.pl\/index.php\/wp-json\/wp\/v2\/posts\/18518","targetHints":{"allow":["GET"]}}],"collection":[{"href":"https:\/\/www.sp11bedzin.edu.pl\/index.php\/wp-json\/wp\/v2\/posts"}],"about":[{"href":"https:\/\/www.sp11bedzin.edu.pl\/index.php\/wp-json\/wp\/v2\/types\/post"}],"author":[{"embeddable":true,"href":"https:\/\/www.sp11bedzin.edu.pl\/index.php\/wp-json\/wp\/v2\/users\/1"}],"replies":[{"embeddable":true,"href":"https:\/\/www.sp11bedzin.edu.pl\/index.php\/wp-json\/wp\/v2\/comments?post=18518"}],"version-history":[{"count":4,"href":"https:\/\/www.sp11bedzin.edu.pl\/index.php\/wp-json\/wp\/v2\/posts\/18518\/revisions"}],"predecessor-version":[{"id":18525,"href":"https:\/\/www.sp11bedzin.edu.pl\/index.php\/wp-json\/wp\/v2\/posts\/18518\/revisions\/18525"}],"wp:featuredmedia":[{"embeddable":true,"href":"https:\/\/www.sp11bedzin.edu.pl\/index.php\/wp-json\/wp\/v2\/media\/18521"}],"wp:attachment":[{"href":"https:\/\/www.sp11bedzin.edu.pl\/index.php\/wp-json\/wp\/v2\/media?parent=18518"}],"wp:term":[{"taxonomy":"category","embeddable":true,"href":"https:\/\/www.sp11bedzin.edu.pl\/index.php\/wp-json\/wp\/v2\/categories?post=18518"},{"taxonomy":"post_tag","embeddable":true,"href":"https:\/\/www.sp11bedzin.edu.pl\/index.php\/wp-json\/wp\/v2\/tags?post=18518"}],"curies":[{"name":"wp","href":"https:\/\/api.w.org\/{rel}","templated":true}]}}