{"id":15319,"date":"2024-04-29T14:48:55","date_gmt":"2024-04-29T14:48:55","guid":{"rendered":"https:\/\/www.sp11bedzin.edu.pl\/?p=15319"},"modified":"2024-04-29T14:52:45","modified_gmt":"2024-04-29T14:52:45","slug":"kreci-mnie-maj","status":"publish","type":"post","link":"https:\/\/www.sp11bedzin.edu.pl\/index.php\/2024\/04\/29\/kreci-mnie-maj\/","title":{"rendered":"Kr\u0119ci mnie maj!!!"},"content":{"rendered":"\t\t<div data-elementor-type=\"wp-post\" data-elementor-id=\"15319\" class=\"elementor elementor-15319\">\n\t\t\t\t\t\t<section class=\"elementor-section elementor-top-section elementor-element elementor-element-7f644c2 elementor-section-boxed elementor-section-height-default elementor-section-height-default\" data-id=\"7f644c2\" data-element_type=\"section\" data-e-type=\"section\">\n\t\t\t\t\t\t<div class=\"elementor-container elementor-column-gap-default\">\n\t\t\t\t\t<div class=\"elementor-column elementor-col-100 elementor-top-column elementor-element elementor-element-9b4046b\" data-id=\"9b4046b\" data-element_type=\"column\" data-e-type=\"column\">\n\t\t\t<div class=\"elementor-widget-wrap elementor-element-populated\">\n\t\t\t\t\t\t<div class=\"elementor-element elementor-element-9dfebb7 elementor-widget elementor-widget-text-editor\" data-id=\"9dfebb7\" data-element_type=\"widget\" data-e-type=\"widget\" data-widget_type=\"text-editor.default\">\n\t\t\t\t<div class=\"elementor-widget-container\">\n\t\t\t\t\t\t\t\t\t<p><span style=\"color: #000000;\">W imieniu Prezydenta B\u0119dzina \u0141ukasza Komoniewskiego\u00a0zapraszamy do udzia\u0142u w akcji &#8222;Kr\u0119ci mnie maj!&#8221;<span class=\"x3nfvp2 x1j61x8r x1fcty0u xdj266r xhhsvwb xat24cr xgzva0m xxymvpz xlup9mm x1kky2od\"><img decoding=\"async\" class=\"xz74otr\" src=\"https:\/\/static.xx.fbcdn.net\/images\/emoji.php\/v9\/tde\/1\/16\/1f6b2.png\" alt=\"\ud83d\udeb2\" width=\"16\" height=\"16\" \/><\/span><span class=\"x3nfvp2 x1j61x8r x1fcty0u xdj266r xhhsvwb xat24cr xgzva0m xxymvpz xlup9mm x1kky2od\"><img decoding=\"async\" class=\"xz74otr\" src=\"https:\/\/static.xx.fbcdn.net\/images\/emoji.php\/v9\/t5c\/1\/16\/1f6f4.png\" alt=\"\ud83d\udef4\" width=\"16\" height=\"16\" \/><\/span><span class=\"x3nfvp2 x1j61x8r x1fcty0u xdj266r xhhsvwb xat24cr xgzva0m xxymvpz xlup9mm x1kky2od\"><img decoding=\"async\" class=\"xz74otr\" src=\"https:\/\/static.xx.fbcdn.net\/images\/emoji.php\/v9\/tb\/1\/16\/1f6fc.png\" alt=\"\ud83d\udefc\" width=\"16\" height=\"16\" \/><\/span><\/span><\/p><p>\u00a0<\/p><p><span style=\"color: #000000;\">Drogie dzieci, czy lubicie jazd\u0119 na dw\u00f3ch k\u00f3\u0142kach? Czy cieszy Was wiatr we w\u0142osach i wiosenne s\u0142o\u0144ce? Je\u015bli tak, to w\u0142a\u015bnie dla Was jest nasza akcja &#8211; Kr\u0119ci Mnie Maj!\u00a0<span class=\"x3nfvp2 x1j61x8r x1fcty0u xdj266r xhhsvwb xat24cr xgzva0m xxymvpz xlup9mm x1kky2od\"><img loading=\"lazy\" decoding=\"async\" class=\"xz74otr\" src=\"https:\/\/static.xx.fbcdn.net\/images\/emoji.php\/v9\/te\/1\/16\/1f6b4_200d_2640.png\" alt=\"\ud83d\udeb4\u200d\u2640\ufe0f\" width=\"16\" height=\"16\" \/><\/span><\/span><\/p><p><span style=\"color: #000000;\">Zapraszam Was do wsp\u00f3lnej zabawy \u2013 w maju je\u017adzimy do szko\u0142y lub przedszkola na rowerze, hulajnodze lub na rolkach, wa\u017cne aby to k\u00f3\u0142ka Was prowadzi\u0142y. Zbieracie naklejki i zdobywacie nagrody, a im cz\u0119\u015bciej zakr\u0119cicie k\u00f3\u0142kiem w maju tym lepiej! Wasze starania zostan\u0105 nagrodzone, a ja mocno w Was wierz\u0119! <em>&#8211; Prezydent Miasta B\u0119dzina \u0141ukasz Komoniewski<\/em><\/span><\/p>\t\t\t\t\t\t\t\t<\/div>\n\t\t\t\t<\/div>\n\t\t\t\t<div class=\"elementor-element elementor-element-3019410 elementor-widget elementor-widget-image\" data-id=\"3019410\" data-element_type=\"widget\" data-e-type=\"widget\" data-widget_type=\"image.default\">\n\t\t\t\t<div class=\"elementor-widget-container\">\n\t\t\t\t\t\t\t\t\t\t\t\t\t\t\t<img loading=\"lazy\" decoding=\"async\" width=\"509\" height=\"640\" src=\"https:\/\/www.sp11bedzin.edu.pl\/wp-content\/uploads\/2024\/04\/krecimniemaj.jpg\" class=\"attachment-2048x2048 size-2048x2048 wp-image-15321\" alt=\"\" srcset=\"https:\/\/www.sp11bedzin.edu.pl\/wp-content\/uploads\/2024\/04\/krecimniemaj.jpg 509w, https:\/\/www.sp11bedzin.edu.pl\/wp-content\/uploads\/2024\/04\/krecimniemaj-239x300.jpg 239w\" sizes=\"(max-width: 509px) 100vw, 509px\" \/>\t\t\t\t\t\t\t\t\t\t\t\t\t\t\t<\/div>\n\t\t\t\t<\/div>\n\t\t\t\t\t<\/div>\n\t\t<\/div>\n\t\t\t\t\t<\/div>\n\t\t<\/section>\n\t\t\t\t<\/div>\n\t\t","protected":false},"excerpt":{"rendered":"<p>W imieniu Prezydenta B\u0119dzina \u0141ukasza Komoniewskiego\u00a0zapraszamy do udzia\u0142u w akcji &#8222;Kr\u0119ci mnie maj!&#8221; \u00a0 Drogie dzieci, czy lubicie jazd\u0119 na dw\u00f3ch k\u00f3\u0142kach? Czy cieszy Was wiatr we w\u0142osach i wiosenne s\u0142o\u0144ce? Je\u015bli tak, to w\u0142a\u015bnie dla Was jest nasza akcja &#8211; Kr\u0119ci Mnie Maj!\u00a0 Zapraszam Was do wsp\u00f3lnej zabawy \u2013 w maju je\u017adzimy do szko\u0142y&hellip;<\/p>\n","protected":false},"author":1,"featured_media":15321,"comment_status":"closed","ping_status":"closed","sticky":false,"template":"","format":"standard","meta":{"footnotes":""},"categories":[1],"tags":[],"class_list":["post-15319","post","type-post","status-publish","format-standard","has-post-thumbnail","hentry","category-uncategorized"],"_links":{"self":[{"href":"https:\/\/www.sp11bedzin.edu.pl\/index.php\/wp-json\/wp\/v2\/posts\/15319","targetHints":{"allow":["GET"]}}],"collection":[{"href":"https:\/\/www.sp11bedzin.edu.pl\/index.php\/wp-json\/wp\/v2\/posts"}],"about":[{"href":"https:\/\/www.sp11bedzin.edu.pl\/index.php\/wp-json\/wp\/v2\/types\/post"}],"author":[{"embeddable":true,"href":"https:\/\/www.sp11bedzin.edu.pl\/index.php\/wp-json\/wp\/v2\/users\/1"}],"replies":[{"embeddable":true,"href":"https:\/\/www.sp11bedzin.edu.pl\/index.php\/wp-json\/wp\/v2\/comments?post=15319"}],"version-history":[{"count":4,"href":"https:\/\/www.sp11bedzin.edu.pl\/index.php\/wp-json\/wp\/v2\/posts\/15319\/revisions"}],"predecessor-version":[{"id":15324,"href":"https:\/\/www.sp11bedzin.edu.pl\/index.php\/wp-json\/wp\/v2\/posts\/15319\/revisions\/15324"}],"wp:featuredmedia":[{"embeddable":true,"href":"https:\/\/www.sp11bedzin.edu.pl\/index.php\/wp-json\/wp\/v2\/media\/15321"}],"wp:attachment":[{"href":"https:\/\/www.sp11bedzin.edu.pl\/index.php\/wp-json\/wp\/v2\/media?parent=15319"}],"wp:term":[{"taxonomy":"category","embeddable":true,"href":"https:\/\/www.sp11bedzin.edu.pl\/index.php\/wp-json\/wp\/v2\/categories?post=15319"},{"taxonomy":"post_tag","embeddable":true,"href":"https:\/\/www.sp11bedzin.edu.pl\/index.php\/wp-json\/wp\/v2\/tags?post=15319"}],"curies":[{"name":"wp","href":"https:\/\/api.w.org\/{rel}","templated":true}]}}