{"id":14790,"date":"2024-03-14T14:55:34","date_gmt":"2024-03-14T14:55:34","guid":{"rendered":"https:\/\/www.sp11bedzin.edu.pl\/?p=14790"},"modified":"2024-03-14T15:17:20","modified_gmt":"2024-03-14T15:17:20","slug":"dzien-swietego-patryka-gra-miejska","status":"publish","type":"post","link":"https:\/\/www.sp11bedzin.edu.pl\/index.php\/2024\/03\/14\/dzien-swietego-patryka-gra-miejska\/","title":{"rendered":"Dzie\u0144 \u015awi\u0119tego Patryka &#8211; Gra Miejska"},"content":{"rendered":"\t\t<div data-elementor-type=\"wp-post\" data-elementor-id=\"14790\" class=\"elementor elementor-14790\">\n\t\t\t\t\t\t<section class=\"elementor-section elementor-top-section elementor-element elementor-element-16d75b9 elementor-section-boxed elementor-section-height-default elementor-section-height-default\" data-id=\"16d75b9\" data-element_type=\"section\" data-e-type=\"section\">\n\t\t\t\t\t\t<div class=\"elementor-container elementor-column-gap-default\">\n\t\t\t\t\t<div class=\"elementor-column elementor-col-100 elementor-top-column elementor-element elementor-element-6f8b23e\" data-id=\"6f8b23e\" data-element_type=\"column\" data-e-type=\"column\">\n\t\t\t<div class=\"elementor-widget-wrap elementor-element-populated\">\n\t\t\t\t\t\t<div class=\"elementor-element elementor-element-1b1039a elementor-widget elementor-widget-text-editor\" data-id=\"1b1039a\" data-element_type=\"widget\" data-e-type=\"widget\" data-widget_type=\"text-editor.default\">\n\t\t\t\t<div class=\"elementor-widget-container\">\n\t\t\t\t\t\t\t\t\t<div class=\"xdj266r x11i5rnm xat24cr x1mh8g0r x1vvkbs x126k92a\"><div dir=\"auto\"><span class=\"x3nfvp2 x1j61x8r x1fcty0u xdj266r xhhsvwb xat24cr xgzva0m xxymvpz xlup9mm x1kky2od\"><img decoding=\"async\" class=\"xz74otr\" src=\"https:\/\/static.xx.fbcdn.net\/images\/emoji.php\/v9\/t87\/1\/16\/1f340.png\" alt=\"\ud83c\udf40\" width=\"16\" height=\"16\" \/><\/span> Dzie\u0144 \u015bw. Patryka ju\u017c w najbli\u017csz\u0105 niedziel\u0119! Z tej okazji razem z <a class=\"x1i10hfl xjbqb8w x1ejq31n xd10rxx x1sy0etr x17r0tee x972fbf xcfux6l x1qhh985 xm0m39n x9f619 x1ypdohk xt0psk2 xe8uvvx xdj266r x11i5rnm xat24cr x1mh8g0r xexx8yu x4uap5 x18d9i69 xkhd6sd x16tdsg8 x1hl2dhg xggy1nq x1a2a7pz xt0b8zv x1fey0fg xo1l8bm\" tabindex=\"0\" role=\"link\" href=\"https:\/\/www.facebook.com\/mrmbedzin?__cft__[0]=AZW8dxCXPgmr3Wxz9pSRxcCFHGeBdZjdlN3ldTXA_3WHxecS4_HulAnxnvLj494mL2J2SM1u8X0onX7-xwQihWINzLcoygjV-qPiZSWTRxAYIPxYBfq0OjTMTsiiTXf4kxCIcIpxYNY2tBFMoNTykZhU&amp;__tn__=-]K-R\"><span class=\"xt0psk2\">M\u0142odzie\u017cowa Rada Miasta B\u0119dzina<\/span><\/a> przygotowali\u015bmy dla Was gr\u0119 miejsk\u0105! Przyjd\u017acie z rodzin\u0105 lub z przyjaci\u00f3\u0142mi i sp\u0119d\u017acie z nami wyj\u0105tkowy czas <span class=\"x3nfvp2 x1j61x8r x1fcty0u xdj266r xhhsvwb xat24cr xgzva0m xxymvpz xlup9mm x1kky2od\"><img decoding=\"async\" class=\"xz74otr\" src=\"https:\/\/static.xx.fbcdn.net\/images\/emoji.php\/v9\/t57\/1\/16\/1f609.png\" alt=\"\ud83d\ude09\" width=\"16\" height=\"16\" \/><\/span><\/div><\/div><div class=\"x11i5rnm xat24cr x1mh8g0r x1vvkbs xtlvy1s x126k92a\"><div dir=\"auto\">Nie zapomnijcie o zielonych elementach w swoich strojach, bo to w\u0142a\u015bnie kolor \u015bw. Patryka! <span class=\"x3nfvp2 x1j61x8r x1fcty0u xdj266r xhhsvwb xat24cr xgzva0m xxymvpz xlup9mm x1kky2od\"><img decoding=\"async\" class=\"xz74otr\" src=\"https:\/\/static.xx.fbcdn.net\/images\/emoji.php\/v9\/t87\/1\/16\/1f340.png\" alt=\"\ud83c\udf40\" width=\"16\" height=\"16\" \/><\/span><\/div><\/div><div class=\"x11i5rnm xat24cr x1mh8g0r x1vvkbs xtlvy1s x126k92a\"><div dir=\"auto\">Rajd wystartuje z Pla\u017cy Miejskiej, a na trasie znajdziecie punkty takie jak: Ma\u0142pi Gaj, Bulwary Czarnej Przemszy i Miejska Biblioteka <span class=\"x3nfvp2 x1j61x8r x1fcty0u xdj266r xhhsvwb xat24cr xgzva0m xxymvpz xlup9mm x1kky2od\"><img decoding=\"async\" class=\"xz74otr\" src=\"https:\/\/static.xx.fbcdn.net\/images\/emoji.php\/v9\/t77\/1\/16\/1f44d_1f3fb.png\" alt=\"\ud83d\udc4d\ud83c\udffb\" width=\"16\" height=\"16\" \/><\/span><\/div><\/div><div class=\"x11i5rnm xat24cr x1mh8g0r x1vvkbs xtlvy1s x126k92a\"><div dir=\"auto\">Zainteresowani? <span class=\"x3nfvp2 x1j61x8r x1fcty0u xdj266r xhhsvwb xat24cr xgzva0m xxymvpz xlup9mm x1kky2od\"><img loading=\"lazy\" decoding=\"async\" class=\"xz74otr\" src=\"https:\/\/static.xx.fbcdn.net\/images\/emoji.php\/v9\/t4f\/1\/16\/1f601.png\" alt=\"\ud83d\ude01\" width=\"16\" height=\"16\" \/><\/span> Zapisy startuj\u0105 ju\u017c dzi\u015b! Wy\u015blij maila na adres <span class=\"x3nfvp2 x1j61x8r x1fcty0u xdj266r xhhsvwb xat24cr xgzva0m xxymvpz xlup9mm x1kky2od\"><img loading=\"lazy\" decoding=\"async\" class=\"xz74otr\" src=\"https:\/\/static.xx.fbcdn.net\/images\/emoji.php\/v9\/tbe\/1\/16\/1f4e7.png\" alt=\"\ud83d\udce7\" width=\"16\" height=\"16\" \/><\/span> mrmb@um.bedzin.pl, w kt\u00f3rym podacie nazw\u0119 dru\u017cyny oraz jej sk\u0142ad.<\/div><\/div>\t\t\t\t\t\t\t\t<\/div>\n\t\t\t\t<\/div>\n\t\t\t\t<div class=\"elementor-element elementor-element-53f0b90 elementor-widget elementor-widget-image\" data-id=\"53f0b90\" data-element_type=\"widget\" data-e-type=\"widget\" data-widget_type=\"image.default\">\n\t\t\t\t<div class=\"elementor-widget-container\">\n\t\t\t\t\t\t\t\t\t\t\t\t\t\t\t<img loading=\"lazy\" decoding=\"async\" width=\"728\" height=\"1024\" src=\"https:\/\/www.sp11bedzin.edu.pl\/wp-content\/uploads\/2024\/03\/plakatgramiejska-728x1024.jpg\" class=\"attachment-large size-large wp-image-14792\" alt=\"\" srcset=\"https:\/\/www.sp11bedzin.edu.pl\/wp-content\/uploads\/2024\/03\/plakatgramiejska-728x1024.jpg 728w, https:\/\/www.sp11bedzin.edu.pl\/wp-content\/uploads\/2024\/03\/plakatgramiejska-213x300.jpg 213w, https:\/\/www.sp11bedzin.edu.pl\/wp-content\/uploads\/2024\/03\/plakatgramiejska-768x1080.jpg 768w, https:\/\/www.sp11bedzin.edu.pl\/wp-content\/uploads\/2024\/03\/plakatgramiejska-1092x1536.jpg 1092w, https:\/\/www.sp11bedzin.edu.pl\/wp-content\/uploads\/2024\/03\/plakatgramiejska.jpg 1456w\" sizes=\"(max-width: 728px) 100vw, 728px\" \/>\t\t\t\t\t\t\t\t\t\t\t\t\t\t\t<\/div>\n\t\t\t\t<\/div>\n\t\t\t\t\t<\/div>\n\t\t<\/div>\n\t\t\t\t\t<\/div>\n\t\t<\/section>\n\t\t\t\t<\/div>\n\t\t","protected":false},"excerpt":{"rendered":"<p>Dzie\u0144 \u015bw. Patryka ju\u017c w najbli\u017csz\u0105 niedziel\u0119! Z tej okazji razem z M\u0142odzie\u017cowa Rada Miasta B\u0119dzina przygotowali\u015bmy dla Was gr\u0119 miejsk\u0105! Przyjd\u017acie z rodzin\u0105 lub z przyjaci\u00f3\u0142mi i sp\u0119d\u017acie z nami wyj\u0105tkowy czas Nie zapomnijcie o zielonych elementach w swoich strojach, bo to w\u0142a\u015bnie kolor \u015bw. Patryka! Rajd wystartuje z Pla\u017cy Miejskiej, a na trasie&hellip;<\/p>\n","protected":false},"author":1,"featured_media":14792,"comment_status":"closed","ping_status":"closed","sticky":false,"template":"","format":"standard","meta":{"footnotes":""},"categories":[1],"tags":[],"class_list":["post-14790","post","type-post","status-publish","format-standard","has-post-thumbnail","hentry","category-uncategorized"],"_links":{"self":[{"href":"https:\/\/www.sp11bedzin.edu.pl\/index.php\/wp-json\/wp\/v2\/posts\/14790","targetHints":{"allow":["GET"]}}],"collection":[{"href":"https:\/\/www.sp11bedzin.edu.pl\/index.php\/wp-json\/wp\/v2\/posts"}],"about":[{"href":"https:\/\/www.sp11bedzin.edu.pl\/index.php\/wp-json\/wp\/v2\/types\/post"}],"author":[{"embeddable":true,"href":"https:\/\/www.sp11bedzin.edu.pl\/index.php\/wp-json\/wp\/v2\/users\/1"}],"replies":[{"embeddable":true,"href":"https:\/\/www.sp11bedzin.edu.pl\/index.php\/wp-json\/wp\/v2\/comments?post=14790"}],"version-history":[{"count":4,"href":"https:\/\/www.sp11bedzin.edu.pl\/index.php\/wp-json\/wp\/v2\/posts\/14790\/revisions"}],"predecessor-version":[{"id":14795,"href":"https:\/\/www.sp11bedzin.edu.pl\/index.php\/wp-json\/wp\/v2\/posts\/14790\/revisions\/14795"}],"wp:featuredmedia":[{"embeddable":true,"href":"https:\/\/www.sp11bedzin.edu.pl\/index.php\/wp-json\/wp\/v2\/media\/14792"}],"wp:attachment":[{"href":"https:\/\/www.sp11bedzin.edu.pl\/index.php\/wp-json\/wp\/v2\/media?parent=14790"}],"wp:term":[{"taxonomy":"category","embeddable":true,"href":"https:\/\/www.sp11bedzin.edu.pl\/index.php\/wp-json\/wp\/v2\/categories?post=14790"},{"taxonomy":"post_tag","embeddable":true,"href":"https:\/\/www.sp11bedzin.edu.pl\/index.php\/wp-json\/wp\/v2\/tags?post=14790"}],"curies":[{"name":"wp","href":"https:\/\/api.w.org\/{rel}","templated":true}]}}