{"id":11964,"date":"2023-09-05T14:16:11","date_gmt":"2023-09-05T14:16:11","guid":{"rendered":"https:\/\/www.sp11bedzin.edu.pl\/?p=11964"},"modified":"2023-09-07T14:34:41","modified_gmt":"2023-09-07T14:34:41","slug":"zebranie-z-rodzicami-i-opiekunami","status":"publish","type":"post","link":"https:\/\/www.sp11bedzin.edu.pl\/index.php\/2023\/09\/05\/zebranie-z-rodzicami-i-opiekunami\/","title":{"rendered":"Zebranie z Rodzicami i Opiekunami"},"content":{"rendered":"\t\t<div data-elementor-type=\"wp-post\" data-elementor-id=\"11964\" class=\"elementor elementor-11964\">\n\t\t\t\t\t\t<section class=\"elementor-section elementor-top-section elementor-element elementor-element-d8e1aee elementor-section-boxed elementor-section-height-default elementor-section-height-default\" data-id=\"d8e1aee\" data-element_type=\"section\" data-e-type=\"section\">\n\t\t\t\t\t\t<div class=\"elementor-container elementor-column-gap-default\">\n\t\t\t\t\t<div class=\"elementor-column elementor-col-100 elementor-top-column elementor-element elementor-element-96f855d\" data-id=\"96f855d\" data-element_type=\"column\" data-e-type=\"column\">\n\t\t\t<div class=\"elementor-widget-wrap elementor-element-populated\">\n\t\t\t\t\t\t<div class=\"elementor-element elementor-element-fe87554 elementor-widget elementor-widget-image\" data-id=\"fe87554\" data-element_type=\"widget\" data-e-type=\"widget\" data-widget_type=\"image.default\">\n\t\t\t\t<div class=\"elementor-widget-container\">\n\t\t\t\t\t\t\t\t\t\t\t\t\t\t\t<img fetchpriority=\"high\" decoding=\"async\" width=\"300\" height=\"200\" src=\"https:\/\/www.sp11bedzin.edu.pl\/wp-content\/uploads\/2023\/09\/zebranie-300x200.png\" class=\"attachment-medium size-medium wp-image-11966\" alt=\"\" srcset=\"https:\/\/www.sp11bedzin.edu.pl\/wp-content\/uploads\/2023\/09\/zebranie-300x200.png 300w, https:\/\/www.sp11bedzin.edu.pl\/wp-content\/uploads\/2023\/09\/zebranie.png 750w\" sizes=\"(max-width: 300px) 100vw, 300px\" \/>\t\t\t\t\t\t\t\t\t\t\t\t\t\t\t<\/div>\n\t\t\t\t<\/div>\n\t\t\t\t<div class=\"elementor-element elementor-element-4c5a4ca elementor-widget elementor-widget-text-editor\" data-id=\"4c5a4ca\" data-element_type=\"widget\" data-e-type=\"widget\" data-widget_type=\"text-editor.default\">\n\t\t\t\t<div class=\"elementor-widget-container\">\n\t\t\t\t\t\t\t\t\t<h2 style=\"font-weight: 400; text-align: center;\"><span style=\"color: #000000;\">Szanowni Rodzice i Opiekunowie,<\/span><\/h2><h2 style=\"font-weight: 400; text-align: center;\"><span style=\"color: #000000;\">dnia <strong>13 wrze\u015bnia 2023 roku (tj. \u015broda) o godzinie 16:30<\/strong>\u00a0<br \/>w Szkole Podstawowej nr 11 w B\u0119dzinie odb\u0119d\u0105 si\u0119 zebrania organizacyjne z wychowawcami klas. <br \/>Serdecznie zapraszamy.<\/span><\/h2>\t\t\t\t\t\t\t\t<\/div>\n\t\t\t\t<\/div>\n\t\t\t\t\t<\/div>\n\t\t<\/div>\n\t\t\t\t\t<\/div>\n\t\t<\/section>\n\t\t\t\t<\/div>\n\t\t","protected":false},"excerpt":{"rendered":"<p>Szanowni Rodzice i Opiekunowie, dnia 13 wrze\u015bnia 2023 roku (tj. \u015broda) o godzinie 16:30 w Szkole Podstawowej nr 11 w B\u0119dzinie odb\u0119d\u0105 si\u0119 zebrania organizacyjne z wychowawcami klas. Serdecznie zapraszamy.<\/p>\n","protected":false},"author":1,"featured_media":11966,"comment_status":"closed","ping_status":"closed","sticky":false,"template":"","format":"standard","meta":{"footnotes":""},"categories":[1],"tags":[],"class_list":["post-11964","post","type-post","status-publish","format-standard","has-post-thumbnail","hentry","category-uncategorized"],"_links":{"self":[{"href":"https:\/\/www.sp11bedzin.edu.pl\/index.php\/wp-json\/wp\/v2\/posts\/11964","targetHints":{"allow":["GET"]}}],"collection":[{"href":"https:\/\/www.sp11bedzin.edu.pl\/index.php\/wp-json\/wp\/v2\/posts"}],"about":[{"href":"https:\/\/www.sp11bedzin.edu.pl\/index.php\/wp-json\/wp\/v2\/types\/post"}],"author":[{"embeddable":true,"href":"https:\/\/www.sp11bedzin.edu.pl\/index.php\/wp-json\/wp\/v2\/users\/1"}],"replies":[{"embeddable":true,"href":"https:\/\/www.sp11bedzin.edu.pl\/index.php\/wp-json\/wp\/v2\/comments?post=11964"}],"version-history":[{"count":11,"href":"https:\/\/www.sp11bedzin.edu.pl\/index.php\/wp-json\/wp\/v2\/posts\/11964\/revisions"}],"predecessor-version":[{"id":11976,"href":"https:\/\/www.sp11bedzin.edu.pl\/index.php\/wp-json\/wp\/v2\/posts\/11964\/revisions\/11976"}],"wp:featuredmedia":[{"embeddable":true,"href":"https:\/\/www.sp11bedzin.edu.pl\/index.php\/wp-json\/wp\/v2\/media\/11966"}],"wp:attachment":[{"href":"https:\/\/www.sp11bedzin.edu.pl\/index.php\/wp-json\/wp\/v2\/media?parent=11964"}],"wp:term":[{"taxonomy":"category","embeddable":true,"href":"https:\/\/www.sp11bedzin.edu.pl\/index.php\/wp-json\/wp\/v2\/categories?post=11964"},{"taxonomy":"post_tag","embeddable":true,"href":"https:\/\/www.sp11bedzin.edu.pl\/index.php\/wp-json\/wp\/v2\/tags?post=11964"}],"curies":[{"name":"wp","href":"https:\/\/api.w.org\/{rel}","templated":true}]}}