{"id":11250,"date":"2023-06-06T19:20:57","date_gmt":"2023-06-06T19:20:57","guid":{"rendered":"https:\/\/www.sp11bedzin.edu.pl\/?p=11250"},"modified":"2023-06-07T19:22:24","modified_gmt":"2023-06-07T19:22:24","slug":"bo-czytac-mozna-wszedzie","status":"publish","type":"post","link":"https:\/\/www.sp11bedzin.edu.pl\/index.php\/2023\/06\/06\/bo-czytac-mozna-wszedzie\/","title":{"rendered":"Bo czyta\u0107 mo\u017cna wsz\u0119dzie!"},"content":{"rendered":"\t\t<div data-elementor-type=\"wp-post\" data-elementor-id=\"11250\" class=\"elementor elementor-11250\">\n\t\t\t\t\t\t<section class=\"elementor-section elementor-top-section elementor-element elementor-element-1e3eb87 elementor-section-boxed elementor-section-height-default elementor-section-height-default\" data-id=\"1e3eb87\" data-element_type=\"section\" data-e-type=\"section\">\n\t\t\t\t\t\t<div class=\"elementor-container elementor-column-gap-default\">\n\t\t\t\t\t<div class=\"elementor-column elementor-col-100 elementor-top-column elementor-element elementor-element-343a186\" data-id=\"343a186\" data-element_type=\"column\" data-e-type=\"column\">\n\t\t\t<div class=\"elementor-widget-wrap elementor-element-populated\">\n\t\t\t\t\t\t<div class=\"elementor-element elementor-element-1889d10 elementor-widget elementor-widget-text-editor\" data-id=\"1889d10\" data-element_type=\"widget\" data-e-type=\"widget\" data-widget_type=\"text-editor.default\">\n\t\t\t\t<div class=\"elementor-widget-container\">\n\t\t\t\t\t\t\t\t\t<p><span style=\"color: #000000;\">Na zako\u0144czenie trwaj\u0105cego w\u0142a\u015bnie XXII Og\u00f3lnopolskiego Tygodnia Czytania Dzieciom uczniowie <br \/>klasy II b naszej szko\u0142y,\u00a0 zostali zaproszeni 6 czerwca przez Miejsk\u0105\u00a0 i Powiatow\u0105 Bibliotek\u0119 Miejsk\u0105 w B\u0119dzinie do <a style=\"color: #000000;\" href=\"https:\/\/www.facebook.com\/profile.php?id=100054508539205&amp;__cft__%5b0%5d=AZXAlEXaRS_DgzSfJbeFxMkSNKKFc39MDjq72h_aLF6pkhvKOMz5YalSzf35KBJXr0gIomljOMpXVSrDo5x2943JizC_mDF_oUXQftY3tFBInow4QRFmyKtB_qRzKyxV2-Gfg4evycVyaDD9H2OtcKZaxZjBK6lUyy1hkda3tpFhwNX8U6hD9lk08QjAvcXq7wc&amp;__tn__=-%5dK-R\">Muzeum FORD MOBIL<\/a> w B\u0119dzinie, w kt\u00f3rym wyczarowano \u015bwiat niczym w XIX wieku.<\/span><\/p><p><span style=\"color: #000000;\">Dzieci wys\u0142ucha\u0142y wielu ciekawostek o tym jak powstawa\u0142y pierwsze samochody. Podziwia\u0142y znajduj\u0105ce si\u0119 w muzeum pi\u0119kne i wyj\u0105tkowe fordy, na \u015bcianach zdj\u0119cia z epoki, oraz stoj\u0105ce przy autach postacie ubrane w stroje z pocz\u0105tku XX wieku.<\/span><\/p><p><span style=\"color: #000000;\">Po du\u017cej dawce wiadomo\u015bci by\u0142 czas na relaks i przyjemno\u015b\u0107 czytania. Pozostaj\u0105c w temacie tegorocznego has\u0142a &#8222;Ksi\u0105\u017cka jest jak ogr\u00f3d&#8221; og\u00f3lnopolskiego Tygodnia Czytania Dzieciom, uczniowie wys\u0142uchali fragment\u00f3w ksi\u0105\u017cki &#8222;Sprej na komary&#8221; autorstwa Bj\u00f8rna F. R\u00f8rvika.<\/span><\/p><p><span style=\"color: #000000;\">Wizyta w Muzeum FORD MOBIL oraz czas sp\u0119dzony na wsp\u00f3lnej lekturze pozwoli\u0142 na u\u015bwiadomienie dzieciom, \u017ce ksi\u0105\u017cki mo\u017cna czyta\u0107 w ka\u017cdym miejscu i o ka\u017cdej porze.<\/span><\/p><p><span style=\"color: #000000;\">Dzi\u0119kujemy paniom z oddzia\u0142u dla dzieci i m\u0142odzie\u017cy b\u0119dzi\u0144skiej biblioteki za mile sp\u0119dzony czas!<\/span><\/p>\t\t\t\t\t\t\t\t<\/div>\n\t\t\t\t<\/div>\n\t\t\t\t<div class=\"elementor-element elementor-element-282bc5c elementor-widget elementor-widget-image-gallery\" data-id=\"282bc5c\" data-element_type=\"widget\" data-e-type=\"widget\" data-widget_type=\"image-gallery.default\">\n\t\t\t\t<div class=\"elementor-widget-container\">\n\t\t\t\t\t\t\t<div class=\"elementor-image-gallery\">\n\t\t\t\n\t\t<style type=\"text\/css\">\n\t\t\t#gallery-1 {\n\t\t\t\tmargin: auto;\n\t\t\t}\n\t\t\t#gallery-1 .gallery-item {\n\t\t\t\tfloat: left;\n\t\t\t\tmargin-top: 10px;\n\t\t\t\ttext-align: center;\n\t\t\t\twidth: 25%;\n\t\t\t}\n\t\t\t#gallery-1 img {\n\t\t\t\tborder: 2px solid #cfcfcf;\n\t\t\t}\n\t\t\t#gallery-1 .gallery-caption {\n\t\t\t\tmargin-left: 0;\n\t\t\t}\n\t\t\t\/* see gallery_shortcode() in wp-includes\/media.php *\/\n\t\t<\/style>\n\t\t<div id='gallery-1' class='gallery galleryid-11250 gallery-columns-4 gallery-size-thumbnail'><dl class='gallery-item'>\n\t\t\t<dt class='gallery-icon landscape'>\n\t\t\t\t<a data-elementor-open-lightbox=\"yes\" data-elementor-lightbox-slideshow=\"282bc5c\" data-elementor-lightbox-title=\"b3\" data-e-action-hash=\"#elementor-action%3Aaction%3Dlightbox%26settings%3DeyJpZCI6MTEyNTIsInVybCI6Imh0dHBzOlwvXC93d3cuc3AxMWJlZHppbi5lZHUucGxcL3dwLWNvbnRlbnRcL3VwbG9hZHNcLzIwMjNcLzA2XC9iMy5qcGciLCJzbGlkZXNob3ciOiIyODJiYzVjIn0%3D\" href='https:\/\/www.sp11bedzin.edu.pl\/wp-content\/uploads\/2023\/06\/b3.jpg'><img decoding=\"async\" width=\"150\" height=\"150\" src=\"https:\/\/www.sp11bedzin.edu.pl\/wp-content\/uploads\/2023\/06\/b3-150x150.jpg\" class=\"attachment-thumbnail size-thumbnail\" alt=\"\" srcset=\"https:\/\/www.sp11bedzin.edu.pl\/wp-content\/uploads\/2023\/06\/b3-150x150.jpg 150w, https:\/\/www.sp11bedzin.edu.pl\/wp-content\/uploads\/2023\/06\/b3-300x300.jpg 300w\" sizes=\"(max-width: 150px) 100vw, 150px\" \/><\/a>\n\t\t\t<\/dt><\/dl><dl class='gallery-item'>\n\t\t\t<dt class='gallery-icon landscape'>\n\t\t\t\t<a data-elementor-open-lightbox=\"yes\" data-elementor-lightbox-slideshow=\"282bc5c\" data-elementor-lightbox-title=\"b2\" data-e-action-hash=\"#elementor-action%3Aaction%3Dlightbox%26settings%3DeyJpZCI6MTEyNTMsInVybCI6Imh0dHBzOlwvXC93d3cuc3AxMWJlZHppbi5lZHUucGxcL3dwLWNvbnRlbnRcL3VwbG9hZHNcLzIwMjNcLzA2XC9iMi5qcGciLCJzbGlkZXNob3ciOiIyODJiYzVjIn0%3D\" href='https:\/\/www.sp11bedzin.edu.pl\/wp-content\/uploads\/2023\/06\/b2.jpg'><img decoding=\"async\" width=\"150\" height=\"150\" src=\"https:\/\/www.sp11bedzin.edu.pl\/wp-content\/uploads\/2023\/06\/b2-150x150.jpg\" class=\"attachment-thumbnail size-thumbnail\" alt=\"\" srcset=\"https:\/\/www.sp11bedzin.edu.pl\/wp-content\/uploads\/2023\/06\/b2-150x150.jpg 150w, https:\/\/www.sp11bedzin.edu.pl\/wp-content\/uploads\/2023\/06\/b2-300x300.jpg 300w\" sizes=\"(max-width: 150px) 100vw, 150px\" \/><\/a>\n\t\t\t<\/dt><\/dl><dl class='gallery-item'>\n\t\t\t<dt class='gallery-icon landscape'>\n\t\t\t\t<a data-elementor-open-lightbox=\"yes\" data-elementor-lightbox-slideshow=\"282bc5c\" data-elementor-lightbox-title=\"b1\" data-e-action-hash=\"#elementor-action%3Aaction%3Dlightbox%26settings%3DeyJpZCI6MTEyNTQsInVybCI6Imh0dHBzOlwvXC93d3cuc3AxMWJlZHppbi5lZHUucGxcL3dwLWNvbnRlbnRcL3VwbG9hZHNcLzIwMjNcLzA2XC9iMS5qcGciLCJzbGlkZXNob3ciOiIyODJiYzVjIn0%3D\" href='https:\/\/www.sp11bedzin.edu.pl\/wp-content\/uploads\/2023\/06\/b1.jpg'><img decoding=\"async\" width=\"150\" height=\"150\" src=\"https:\/\/www.sp11bedzin.edu.pl\/wp-content\/uploads\/2023\/06\/b1-150x150.jpg\" class=\"attachment-thumbnail size-thumbnail\" alt=\"\" srcset=\"https:\/\/www.sp11bedzin.edu.pl\/wp-content\/uploads\/2023\/06\/b1-150x150.jpg 150w, https:\/\/www.sp11bedzin.edu.pl\/wp-content\/uploads\/2023\/06\/b1-300x300.jpg 300w\" sizes=\"(max-width: 150px) 100vw, 150px\" \/><\/a>\n\t\t\t<\/dt><\/dl>\n\t\t\t<br style='clear: both' \/>\n\t\t<\/div>\n\t\t<\/div>\n\t\t\t\t\t\t<\/div>\n\t\t\t\t<\/div>\n\t\t\t\t\t<\/div>\n\t\t<\/div>\n\t\t\t\t\t<\/div>\n\t\t<\/section>\n\t\t\t\t<\/div>\n\t\t","protected":false},"excerpt":{"rendered":"<p>Na zako\u0144czenie trwaj\u0105cego w\u0142a\u015bnie XXII Og\u00f3lnopolskiego Tygodnia Czytania Dzieciom uczniowie klasy II b naszej szko\u0142y,&nbsp; zostali zaproszeni 6 czerwca przez Miejsk\u0105&nbsp; i Powiatow\u0105 Bibliotek\u0119 Miejsk\u0105 w B\u0119dzinie do Muzeum FORD MOBIL w B\u0119dzinie, w kt\u00f3rym wyczarowano \u015bwiat niczym w XIX wieku. Dzieci wys\u0142ucha\u0142y wielu ciekawostek o tym jak powstawa\u0142y pierwsze samochody. Podziwia\u0142y znajduj\u0105ce si\u0119 w&hellip;<\/p>\n","protected":false},"author":1,"featured_media":11253,"comment_status":"closed","ping_status":"closed","sticky":false,"template":"","format":"standard","meta":{"footnotes":""},"categories":[1],"tags":[],"class_list":["post-11250","post","type-post","status-publish","format-standard","has-post-thumbnail","hentry","category-uncategorized"],"_links":{"self":[{"href":"https:\/\/www.sp11bedzin.edu.pl\/index.php\/wp-json\/wp\/v2\/posts\/11250","targetHints":{"allow":["GET"]}}],"collection":[{"href":"https:\/\/www.sp11bedzin.edu.pl\/index.php\/wp-json\/wp\/v2\/posts"}],"about":[{"href":"https:\/\/www.sp11bedzin.edu.pl\/index.php\/wp-json\/wp\/v2\/types\/post"}],"author":[{"embeddable":true,"href":"https:\/\/www.sp11bedzin.edu.pl\/index.php\/wp-json\/wp\/v2\/users\/1"}],"replies":[{"embeddable":true,"href":"https:\/\/www.sp11bedzin.edu.pl\/index.php\/wp-json\/wp\/v2\/comments?post=11250"}],"version-history":[{"count":5,"href":"https:\/\/www.sp11bedzin.edu.pl\/index.php\/wp-json\/wp\/v2\/posts\/11250\/revisions"}],"predecessor-version":[{"id":11258,"href":"https:\/\/www.sp11bedzin.edu.pl\/index.php\/wp-json\/wp\/v2\/posts\/11250\/revisions\/11258"}],"wp:featuredmedia":[{"embeddable":true,"href":"https:\/\/www.sp11bedzin.edu.pl\/index.php\/wp-json\/wp\/v2\/media\/11253"}],"wp:attachment":[{"href":"https:\/\/www.sp11bedzin.edu.pl\/index.php\/wp-json\/wp\/v2\/media?parent=11250"}],"wp:term":[{"taxonomy":"category","embeddable":true,"href":"https:\/\/www.sp11bedzin.edu.pl\/index.php\/wp-json\/wp\/v2\/categories?post=11250"},{"taxonomy":"post_tag","embeddable":true,"href":"https:\/\/www.sp11bedzin.edu.pl\/index.php\/wp-json\/wp\/v2\/tags?post=11250"}],"curies":[{"name":"wp","href":"https:\/\/api.w.org\/{rel}","templated":true}]}}